{"id":31825,"date":"2026-04-30T16:35:36","date_gmt":"2026-04-30T14:35:36","guid":{"rendered":"https:\/\/prizrenpost.com\/ba\/grcka-opoziciona-stranka-syriza-optuzuje-vladu-da-saradjuje-s-izraelom-u-hakerskoj-operaciji\/"},"modified":"2026-04-30T16:35:38","modified_gmt":"2026-04-30T14:35:38","slug":"grcka-opoziciona-stranka-syriza-optuzuje-vladu-da-saradjuje-s-izraelom-u-hakerskoj-operaciji","status":"publish","type":"post","link":"https:\/\/prizrenpost.com\/ba\/grcka-opoziciona-stranka-syriza-optuzuje-vladu-da-saradjuje-s-izraelom-u-hakerskoj-operaciji\/","title":{"rendered":"Gr\u010dka opoziciona stranka SYRIZA optu\u017euje vladu da &#8220;sara\u0111uje s Izraelom&#8221; u hakerskoj operaciji"},"content":{"rendered":"<p><img decoding=\"async\" src=\"https:\/\/prizrenpost.com\/ba\/wp-content\/uploads\/greqia.jpg\" style=\"width:100%;height:auto;margin-bottom:20px\"><\/p>\n<p>Partia opozitare e majt\u00eb greke SYRIZA akuzoi sot qeverin\u00eb p\u00ebr bashk\u00ebpunim pasi Izrael sulmoi nj\u00eb flotilje ndihmash p\u00ebr Gaz\u00ebn, vojvoda e p\u00ebrshkruar at\u00eb si nj\u00eb \u201coperacion piraterie t\u00ebm <\/p>\n<p>Duke piraterie t\u00ebm <\/p>\n<p>D. iu referuar interceptimit q\u00eb ndodhi sot n\u00eb uj\u00ebrat nd\u00ebrkomb\u00ebtare vet\u00ebm pak milje larg uj\u00ebrave territoriale t\u00eb Greqis\u00eb, shefja e politik\u00ebs s\u00eb jashtme t\u00eb SYRIZA, Rena Dourou tha se \u201cOperaciona piraterija i paligpirashlush\u00eb u brendu zon\u00ebs s\u00eb k\u00ebrkim-shp\u00ebtimit t\u00eb Greqis\u00eb, me munges\u00eb t\u00eb Roj\u00ebs Bregdetare dhe autoriteteve greke\u201d.<\/p>\n<p>\u201eQeveria greke \u00ebsht\u00eb bashk\u00ebpun\u00ebtore n\u00eb nj\u00eb veprim q\u00eb shkel\u00eb \u00e7drej\u00ebnd\u00eb s t\u00ebrko koncept t\u00ebmbs\u00eb\u201d. \u00ebsht\u00eb kryer nga shteti i Izraelit, i cili po evoluon n\u00eb nj\u00eb shtet t\u00eb p\u00ebrjashtuar q\u00eb vepron n\u00eb d\u00ebm t\u00eb paqes dhe stabilitetit n\u00eb rajon\u201d, tha ajo.<\/p>\n<p>\u201eKryeministri p\u00ebr toleranci grekjen\u00ebn\u00ebn\u00ebg\u201d dhe bashk\u00ebpunimin e Greqis\u00eb ndaj nj\u00eb shteti q\u00eb drejtohet n\u00eb luft\u00eb me Iranin i Libanin, gjenocidin n\u00eb Gaza dhe p\u00ebrbuzjen p\u00ebr \u00e7do koncept t\u00eb legjitimitetit nd\u00ebrkomb\u00eb\u00ebgshje d\u00ebrs\u00e9r\u00ebk\u00eb bashk\u00ebpun\u00ebtore\u201d, shtoi Dourou.<\/p>\n<p>Flotilja, q\u00eb mbante ndihma humanitare, u nis dy jav\u00eb m\u00eb par\u00eb nga ishulli talijanski i Si\u00e7ilis\u00eb, me nj\u00eb Izrael ukupno prije 58 godina q\u00eb synojn\u00eb t\u00eb bllokadvje\u010d\u00ebn\u00ebn\u00eb t\u00ebbllokadvjejnen\u00eb Gaz\u00ebs. Izraeli ka vendosur bllokad\u00eb shkat\u00ebrruese n\u00eb Rripin e Gaz\u00ebs q\u00eb nga viti 2007, vojvoda e l\u00ebn\u00eb popullsin\u00eb prije 2,4 miliona banor\u00ebsh t\u00eb territorit n\u00eb prag t\u00eb uris\u00eb.<\/p>\n<p>Ushre\u00e7elite nisiiven\u00eb iz 2007. Gaza n\u00eb tetor 2023, duke vrar\u00eb m\u00eb shum\u00eb se 72 mij\u00eb njer\u00ebz, duke plagosur mbi 172 mij\u00eb t\u00eb tjer\u00eb dhe duke shkaktuar shkat\u00ebrrime masive n\u00eb t\u00eb gjith\u00eb teritorij<\/p>\n<p>Koristimo kola\u010di\u0107e da bismo pobolj\u0161ali iskustvo u Google-u. AdSense).<br \/>\n          Klikom na &#8220;Prihvati&#8221;, pristajete na kori\u0161tenje kola\u010di\u0107a u skladu sa<br \/>\n          Politika privatnosti<br \/>\n          i<br \/>\n          Politika kola\u010di\u0107a.<br \/>\n          Nepotrebne kola\u010di\u0107e mo\u017eete odbiti klikom na &#8220;Odbij&#8221;.<\/p>\n<hr style=\"margin:30px 0\">\n<p style=\"font-size:13px;color:#666\">Izvor: <strong>prizrenpost<\/strong><\/p>\n","protected":false},"excerpt":{"rendered":"<p>Partia opozitare e majt\u00eb greke SYRIZA akuzoi sot qeverin\u00eb p\u00ebr bashk\u00ebpunim pasi Izrael sulmoi nj\u00eb flotilje ndihmash p\u00ebr Gaz\u00ebn, vojvoda e p\u00ebrshkruar at\u00eb si nj\u00eb \u201coperacion piraterie t\u00ebm Duke piraterie t\u00ebm D. iu referuar interceptimit q\u00eb ndodhi sot n\u00eb uj\u00ebrat nd\u00ebrkomb\u00ebtare vet\u00ebm pak milje larg uj\u00ebrave territoriale t\u00eb Greqis\u00eb, shefja e politik\u00ebs s\u00eb jashtme t\u00eb [&hellip;]<\/p>\n","protected":false},"author":1,"featured_media":31826,"comment_status":"open","ping_status":"open","sticky":false,"template":"","format":"standard","meta":{"footnotes":""},"categories":[24],"tags":[456],"class_list":["post-31825","post","type-post","status-publish","format-standard","has-post-thumbnail","hentry","category-svijet","tag-aktualnost"],"views":5,"_links":{"self":[{"href":"https:\/\/prizrenpost.com\/ba\/wp-json\/wp\/v2\/posts\/31825","targetHints":{"allow":["GET"]}}],"collection":[{"href":"https:\/\/prizrenpost.com\/ba\/wp-json\/wp\/v2\/posts"}],"about":[{"href":"https:\/\/prizrenpost.com\/ba\/wp-json\/wp\/v2\/types\/post"}],"author":[{"embeddable":true,"href":"https:\/\/prizrenpost.com\/ba\/wp-json\/wp\/v2\/users\/1"}],"replies":[{"embeddable":true,"href":"https:\/\/prizrenpost.com\/ba\/wp-json\/wp\/v2\/comments?post=31825"}],"version-history":[{"count":1,"href":"https:\/\/prizrenpost.com\/ba\/wp-json\/wp\/v2\/posts\/31825\/revisions"}],"predecessor-version":[{"id":31827,"href":"https:\/\/prizrenpost.com\/ba\/wp-json\/wp\/v2\/posts\/31825\/revisions\/31827"}],"wp:featuredmedia":[{"embeddable":true,"href":"https:\/\/prizrenpost.com\/ba\/wp-json\/wp\/v2\/media\/31826"}],"wp:attachment":[{"href":"https:\/\/prizrenpost.com\/ba\/wp-json\/wp\/v2\/media?parent=31825"}],"wp:term":[{"taxonomy":"category","embeddable":true,"href":"https:\/\/prizrenpost.com\/ba\/wp-json\/wp\/v2\/categories?post=31825"},{"taxonomy":"post_tag","embeddable":true,"href":"https:\/\/prizrenpost.com\/ba\/wp-json\/wp\/v2\/tags?post=31825"}],"curies":[{"name":"wp","href":"https:\/\/api.w.org\/{rel}","templated":true}]}}