{"id":31831,"date":"2026-04-30T16:35:50","date_gmt":"2026-04-30T14:35:50","guid":{"rendered":"https:\/\/prizrenpost.com\/ba\/albanski-student-iz-skoplja-makedonci-hoce-da-nas-ponize\/"},"modified":"2026-04-30T16:35:53","modified_gmt":"2026-04-30T14:35:53","slug":"albanski-student-iz-skoplja-makedonci-hoce-da-nas-ponize","status":"publish","type":"post","link":"https:\/\/prizrenpost.com\/ba\/albanski-student-iz-skoplja-makedonci-hoce-da-nas-ponize\/","title":{"rendered":"Albanski student iz Skoplja: Makedonci ho\u0107e da nas ponize!"},"content":{"rendered":"<p><img decoding=\"async\" src=\"https:\/\/prizrenpost.com\/ba\/wp-content\/uploads\/Capture_sd-19.jpg\" style=\"width:100%;height:auto;margin-bottom:20px\"><\/p>\n<p>Izazovna izjava: Mi smo u svojoj zemlji i nema zakona koji nas pot\u010dinjava!<br \/>\nU Top Story na TCH, posve\u0107enoj reakciji albanskih studenata u Skoplju za dozvolu za polaganje ispita na Pravnom fakultetu na albanskom jeziku, jedan od studenata govorio je bez rukavica. Prema njenim rije\u010dima, Albanci u Sjevernoj Makedoniji su makedonska meta da ih pot\u010dini i ponizi.<\/p>\n<p>&#8220;Oni ho\u0107e da nas ponize. \u017dele da poka\u017eu da su gospodari ove zemlje i da im se trebamo pokoriti. Nije naga\u0111anje, mi znamo da oni \u017eele da nas pot\u010dine. Nema \u0161anse da njihova dr\u017eava mo\u017ee da se pokori njihova dr\u017eava, to je zakon u na\u0161oj zemlji, nema \u0161anse da se pokori na\u0161a dr\u017eava, to je zakon u na\u0161oj zemlji. to.<\/p>\n<p>Iako nismo sa istog fakulteta, ali iako nismo sa istog fakulteta, ose\u0107amo poni\u017eenje koje nam se radi, mi \u0107emo se do kraja boriti za ovaj doga\u0111aj koji nas je sve mnogo pogodio. Nismo znali gde se zec krio, ali sada znamo i ne\u0107emo stati na ovome, ve\u0107 smo malo navijali za Kosovo.<\/p>\n<p> Albanija, to je ono \u0161to \u0107e nas odr\u017eati na nogama\u201c, rekao je on. student.<\/p>\n<p>Koristimo kola\u010di\u0107e za pobolj\u0161anje iskustva i za prikaz oglasa (Google AdSense).<br \/>\n          Klikom na &#8220;Prihvati&#8221;, pristajete na kori\u0161tenje kola\u010di\u0107a u skladu sa<br \/>\n          Politika privatnosti<br \/>\n          i<br \/>\n          Politika kola\u010di\u0107a.<br \/>\n          Nepotrebne kola\u010di\u0107e mo\u017eete odbiti klikom na &#8220;Odbij&#8221;.<\/p>\n<hr style=\"margin:30px 0\">\n<p style=\"font-size:13px;color:#666\">Izvor: <strong>prizrenpost<\/strong><\/p>\n","protected":false},"excerpt":{"rendered":"<p>Izazovna izjava: Mi smo u svojoj zemlji i nema zakona koji nas pot\u010dinjava! U Top Story na TCH, posve\u0107enoj reakciji albanskih studenata u Skoplju za dozvolu za polaganje ispita na Pravnom fakultetu na albanskom jeziku, jedan od studenata govorio je bez rukavica. Prema njenim rije\u010dima, Albanci u Sjevernoj Makedoniji su makedonska meta da ih pot\u010dini [&hellip;]<\/p>\n","protected":false},"author":1,"featured_media":31832,"comment_status":"open","ping_status":"open","sticky":false,"template":"","format":"standard","meta":{"footnotes":""},"categories":[24],"tags":[456],"class_list":["post-31831","post","type-post","status-publish","format-standard","has-post-thumbnail","hentry","category-svijet","tag-aktualnost"],"views":8,"_links":{"self":[{"href":"https:\/\/prizrenpost.com\/ba\/wp-json\/wp\/v2\/posts\/31831","targetHints":{"allow":["GET"]}}],"collection":[{"href":"https:\/\/prizrenpost.com\/ba\/wp-json\/wp\/v2\/posts"}],"about":[{"href":"https:\/\/prizrenpost.com\/ba\/wp-json\/wp\/v2\/types\/post"}],"author":[{"embeddable":true,"href":"https:\/\/prizrenpost.com\/ba\/wp-json\/wp\/v2\/users\/1"}],"replies":[{"embeddable":true,"href":"https:\/\/prizrenpost.com\/ba\/wp-json\/wp\/v2\/comments?post=31831"}],"version-history":[{"count":1,"href":"https:\/\/prizrenpost.com\/ba\/wp-json\/wp\/v2\/posts\/31831\/revisions"}],"predecessor-version":[{"id":31833,"href":"https:\/\/prizrenpost.com\/ba\/wp-json\/wp\/v2\/posts\/31831\/revisions\/31833"}],"wp:featuredmedia":[{"embeddable":true,"href":"https:\/\/prizrenpost.com\/ba\/wp-json\/wp\/v2\/media\/31832"}],"wp:attachment":[{"href":"https:\/\/prizrenpost.com\/ba\/wp-json\/wp\/v2\/media?parent=31831"}],"wp:term":[{"taxonomy":"category","embeddable":true,"href":"https:\/\/prizrenpost.com\/ba\/wp-json\/wp\/v2\/categories?post=31831"},{"taxonomy":"post_tag","embeddable":true,"href":"https:\/\/prizrenpost.com\/ba\/wp-json\/wp\/v2\/tags?post=31831"}],"curies":[{"name":"wp","href":"https:\/\/api.w.org\/{rel}","templated":true}]}}