{"id":31854,"date":"2026-04-30T16:50:41","date_gmt":"2026-04-30T14:50:41","guid":{"rendered":"https:\/\/prizrenpost.com\/ba\/glavni-tuzilac-mks-a-khan-negira-optuzbe-za-nedolicno-ponasanje-ja-sam-nevin\/"},"modified":"2026-04-30T16:50:42","modified_gmt":"2026-04-30T14:50:42","slug":"glavni-tuzilac-mks-a-khan-negira-optuzbe-za-nedolicno-ponasanje-ja-sam-nevin","status":"publish","type":"post","link":"https:\/\/prizrenpost.com\/ba\/glavni-tuzilac-mks-a-khan-negira-optuzbe-za-nedolicno-ponasanje-ja-sam-nevin\/","title":{"rendered":"Glavni tu\u017eilac MKS-a Khan negira optu\u017ebe za nedoli\u010dno pona\u0161anje: Ja sam nevin"},"content":{"rendered":"<p><img decoding=\"async\" src=\"https:\/\/prizrenpost.com\/ba\/wp-content\/uploads\/Kryeprokurori-i-Gjykates-Nderkombetare-Penale-GJNP-Karim-Khan.jpg\" style=\"width:100%;height:auto;margin-bottom:20px\"><\/p>\n<p>Glavni tu\u017eilac Me\u0111unarodnog krivi\u010dnog suda (ICC), Karim Khan, koji je oti\u0161ao na odsustvo u maju 2025. godine zbog istrage UN-a o optu\u017ebama za seksualno zlostavljanje, rekao je da je &#8220;oslobo\u0111en optu\u017ebi&#8221;, prenosi Anadolu.<\/p>\n<p>Khan je u intervjuu objavljenom u srijedu za Zeteo rekao da bi trebalo dozvoliti da se autoru dopusti istraga o neispravnom pona\u0161anju ili da se on vrati kako bi se &#8220;otpustio&#8221; ili da se vrati. na posao.<\/p>\n<p>&#8220;Pro\u010ditao sam izvje\u0161taj UN-a. Pro\u010ditao sam nalaze sudaca. I u izvje\u0161taju UN-a postoji 137 nalaza, od kojih nijedan ne donosi odluke ili ne donosi zaklju\u010dke o pona\u0161anju koje bi se moglo okarakterizirati kao neprikladno na bilo koji na\u010din, oblik ili formu&#8221;, rekao je on.<\/p>\n<p>U martu je zaklju\u010deno vije\u0107e koje je u tri-naglasu zaklju\u010dilo mi\u0161ljenje u tri-nivom oglasu. Istraga UN-a &#8220;ne definira nedoli\u010dno pona\u0161anje ili povredu du\u017enosti prema relevantnom zakonskom okviru&#8221;, navodi Middle East Eye.<\/p>\n<p>Me\u0111utim, slu\u010daj jo\u0161 uvijek nije zatvoren.<\/p>\n<p>&#8220;Samo sam zabrinut za\u0161to nije odmah zatvoren. I cijeli ovaj proces je nov. Stvari su izmi\u0161ljane usput. I mislim da se sada vi\u0161e ne radi o optu\u017ebama za proces. I mislim da se sada vi\u0161e ne radi o procesu. zemlje moraju posti\u0107i odre\u0111eni rezultat, a ovo je suprotno od onoga \u0161to zna\u010di pravilan proces&#8221;, rekao je on.<\/p>\n<p>&#8220;Sara\u0111ivao sam s procesom i proces me je oslobodio&#8221;, dodao je Khan.<\/p>\n<p>Istragu je naru\u010dio \u0161ef Skup\u0161tine dr\u017eava stranaka, upravno tijelo MKS-a, u novembru 2024. nakon \u0161to ga je \u010dlan Khanove slu\u017ebe optu\u017eio za nedoli\u010dno pona\u0161anje. Pro\u0161log augusta javila se druga \u017eena koja je navela da je tu\u017eilac zloupotrijebio svoje ovlasti dok je radila za njega.<\/p>\n<p>Tu\u017ebe su uslijedile dok je Khanov ured vodio istragu o navodnim ratnim zlo\u010dinima i genocidu koje su izvr\u0161ili izraelski zvani\u010dnici i snage u Gazi i na okupiranoj palestinskoj teritoriji.<\/p>\n<p>U maju je premijer Khana najavio da \u0107e izraelski premijer uhapsiti Khan2. Ministar Benjamin Netanyahu. Netanyahua i njegovog tada\u0161njeg ministra odbrane Yoava Gallanta zbog &#8220;krivi\u010dne odgovornosti&#8221; za navodne ratne zlo\u010dine i zlo\u010dine protiv \u010dovje\u010dnosti u Gazi.<\/p>\n<p>Tokom intervjua, Khan je rekao da mu je ameri\u010dki senator Lindsey Graham rekao u konferencijskom pozivu u maju 2024. da je ICC &#8220;za Afriku, a ne za razbojnike kao \u0161to su Izrael i Putin<\/p>\n<p>i mi razbojnici poput Izraela i Putina. koristite kola\u010di\u0107e za pobolj\u0161anje iskustva i prikazivanje reklama (Google AdSense).<br \/>\n          Klikom na &#8220;Prihvati&#8221;, pristajete na kori\u0161tenje kola\u010di\u0107a u skladu sa<br \/>\n          Politika privatnosti<br \/>\n          i<br \/>\n          Politika kola\u010di\u0107a.<br \/>\n          Nepotrebne kola\u010di\u0107e mo\u017eete odbiti klikom na &#8220;Odbij&#8221;.<\/p>\n<hr style=\"margin:30px 0\">\n<p style=\"font-size:13px;color:#666\">Izvor: <strong>prizrenpost<\/strong><\/p>\n","protected":false},"excerpt":{"rendered":"<p>Glavni tu\u017eilac Me\u0111unarodnog krivi\u010dnog suda (ICC), Karim Khan, koji je oti\u0161ao na odsustvo u maju 2025. godine zbog istrage UN-a o optu\u017ebama za seksualno zlostavljanje, rekao je da je &#8220;oslobo\u0111en optu\u017ebi&#8221;, prenosi Anadolu. Khan je u intervjuu objavljenom u srijedu za Zeteo rekao da bi trebalo dozvoliti da se autoru dopusti istraga o neispravnom pona\u0161anju [&hellip;]<\/p>\n","protected":false},"author":1,"featured_media":31855,"comment_status":"open","ping_status":"open","sticky":false,"template":"","format":"standard","meta":{"footnotes":""},"categories":[24],"tags":[456],"class_list":["post-31854","post","type-post","status-publish","format-standard","has-post-thumbnail","hentry","category-svijet","tag-aktualnost"],"views":6,"_links":{"self":[{"href":"https:\/\/prizrenpost.com\/ba\/wp-json\/wp\/v2\/posts\/31854","targetHints":{"allow":["GET"]}}],"collection":[{"href":"https:\/\/prizrenpost.com\/ba\/wp-json\/wp\/v2\/posts"}],"about":[{"href":"https:\/\/prizrenpost.com\/ba\/wp-json\/wp\/v2\/types\/post"}],"author":[{"embeddable":true,"href":"https:\/\/prizrenpost.com\/ba\/wp-json\/wp\/v2\/users\/1"}],"replies":[{"embeddable":true,"href":"https:\/\/prizrenpost.com\/ba\/wp-json\/wp\/v2\/comments?post=31854"}],"version-history":[{"count":1,"href":"https:\/\/prizrenpost.com\/ba\/wp-json\/wp\/v2\/posts\/31854\/revisions"}],"predecessor-version":[{"id":31856,"href":"https:\/\/prizrenpost.com\/ba\/wp-json\/wp\/v2\/posts\/31854\/revisions\/31856"}],"wp:featuredmedia":[{"embeddable":true,"href":"https:\/\/prizrenpost.com\/ba\/wp-json\/wp\/v2\/media\/31855"}],"wp:attachment":[{"href":"https:\/\/prizrenpost.com\/ba\/wp-json\/wp\/v2\/media?parent=31854"}],"wp:term":[{"taxonomy":"category","embeddable":true,"href":"https:\/\/prizrenpost.com\/ba\/wp-json\/wp\/v2\/categories?post=31854"},{"taxonomy":"post_tag","embeddable":true,"href":"https:\/\/prizrenpost.com\/ba\/wp-json\/wp\/v2\/tags?post=31854"}],"curies":[{"name":"wp","href":"https:\/\/api.w.org\/{rel}","templated":true}]}}