{"id":31863,"date":"2026-04-30T16:51:26","date_gmt":"2026-04-30T14:51:26","guid":{"rendered":"https:\/\/prizrenpost.com\/ba\/uhapsen-je-prizrenac-koji-je-trazen-nakon-izdrzane-kazne-zatvora\/"},"modified":"2026-04-30T16:51:27","modified_gmt":"2026-04-30T14:51:27","slug":"uhapsen-je-prizrenac-koji-je-trazen-nakon-izdrzane-kazne-zatvora","status":"publish","type":"post","link":"https:\/\/prizrenpost.com\/ba\/uhapsen-je-prizrenac-koji-je-trazen-nakon-izdrzane-kazne-zatvora\/","title":{"rendered":"Uhap\u0161en je Prizrenac koji je tra\u017een nakon izdr\u017eane kazne zatvora"},"content":{"rendered":"<p><img decoding=\"async\" src=\"https:\/\/prizrenpost.com\/ba\/wp-content\/uploads\/1570807731_arrestim-1.jpg\" style=\"width:100%;height:auto;margin-bottom:20px\"><\/p>\n<p>Kosovska policija je saop\u0161tila da je u Prizrenu uhapsila osobu za kojom se tra\u017eila poternica nakon \u0161to je osu\u0111ena na efektivnu kaznu zatvora u trajanju od 1 godine.<\/p>\n<p>Ova kazna izre\u010dena mu je zbog krivi\u010dnog dela te\u0161ka kra\u0111a u poku\u0161aju.<\/p>\n<p>\u201eDana 29.04.2026. godine, policajci Jedinice za sprovo\u0111enje akcije Policijske stanice Priz-Pri\u017e, 29.04.2026. akcijama i postupaju\u0107i po takti\u010dko-operativnom planu, uspjeli su locirati i uhapsiti osumnji\u010denog N.R. iz Prizrena, nakon \u0161to je pravomo\u0107nom odlukom Osnovnog suda u Prizrenu osu\u0111en na kaznu zatvora u trajanju od jedne (1) godine za izdr\u017eavanje kazne \/Klankosova.tv<\/p>\n<p>Koristimo kola\u010di\u0107e za pobolj\u0161anje iskustva i prikazivanje oglasa (Google AdSense).<br \/>\n          Klikom na &#8220;Prihvati&#8221;, pristajete na kori\u0161tenje kola\u010di\u0107a u skladu sa<br \/>\n          Politika privatnosti<br \/>\n          i<br \/>\n          Politika kola\u010di\u0107a.<br \/>\n          Nepotrebne kola\u010di\u0107e mo\u017eete odbiti klikom na &#8220;Odbij&#8221;.<\/p>\n<hr style=\"margin:30px 0\">\n<p style=\"font-size:13px;color:#666\">Izvor: <strong>prizrenpost<\/strong><\/p>\n","protected":false},"excerpt":{"rendered":"<p>Kosovska policija je saop\u0161tila da je u Prizrenu uhapsila osobu za kojom se tra\u017eila poternica nakon \u0161to je osu\u0111ena na efektivnu kaznu zatvora u trajanju od 1 godine. Ova kazna izre\u010dena mu je zbog krivi\u010dnog dela te\u0161ka kra\u0111a u poku\u0161aju. \u201eDana 29.04.2026. godine, policajci Jedinice za sprovo\u0111enje akcije Policijske stanice Priz-Pri\u017e, 29.04.2026. akcijama i postupaju\u0107i [&hellip;]<\/p>\n","protected":false},"author":1,"featured_media":31864,"comment_status":"open","ping_status":"open","sticky":false,"template":"","format":"standard","meta":{"footnotes":""},"categories":[17],"tags":[],"class_list":["post-31863","post","type-post","status-publish","format-standard","has-post-thumbnail","hentry","category-17"],"views":4,"_links":{"self":[{"href":"https:\/\/prizrenpost.com\/ba\/wp-json\/wp\/v2\/posts\/31863","targetHints":{"allow":["GET"]}}],"collection":[{"href":"https:\/\/prizrenpost.com\/ba\/wp-json\/wp\/v2\/posts"}],"about":[{"href":"https:\/\/prizrenpost.com\/ba\/wp-json\/wp\/v2\/types\/post"}],"author":[{"embeddable":true,"href":"https:\/\/prizrenpost.com\/ba\/wp-json\/wp\/v2\/users\/1"}],"replies":[{"embeddable":true,"href":"https:\/\/prizrenpost.com\/ba\/wp-json\/wp\/v2\/comments?post=31863"}],"version-history":[{"count":1,"href":"https:\/\/prizrenpost.com\/ba\/wp-json\/wp\/v2\/posts\/31863\/revisions"}],"predecessor-version":[{"id":31865,"href":"https:\/\/prizrenpost.com\/ba\/wp-json\/wp\/v2\/posts\/31863\/revisions\/31865"}],"wp:featuredmedia":[{"embeddable":true,"href":"https:\/\/prizrenpost.com\/ba\/wp-json\/wp\/v2\/media\/31864"}],"wp:attachment":[{"href":"https:\/\/prizrenpost.com\/ba\/wp-json\/wp\/v2\/media?parent=31863"}],"wp:term":[{"taxonomy":"category","embeddable":true,"href":"https:\/\/prizrenpost.com\/ba\/wp-json\/wp\/v2\/categories?post=31863"},{"taxonomy":"post_tag","embeddable":true,"href":"https:\/\/prizrenpost.com\/ba\/wp-json\/wp\/v2\/tags?post=31863"}],"curies":[{"name":"wp","href":"https:\/\/api.w.org\/{rel}","templated":true}]}}