{"id":31875,"date":"2026-04-30T17:05:44","date_gmt":"2026-04-30T15:05:44","guid":{"rendered":"https:\/\/prizrenpost.com\/ba\/izrael-je-priveo-spanskog-novinara-zbog-komentara-o-genocidu-i-bojkotu\/"},"modified":"2026-04-30T17:05:44","modified_gmt":"2026-04-30T15:05:44","slug":"izrael-je-priveo-spanskog-novinara-zbog-komentara-o-genocidu-i-bojkotu","status":"publish","type":"post","link":"https:\/\/prizrenpost.com\/ba\/izrael-je-priveo-spanskog-novinara-zbog-komentara-o-genocidu-i-bojkotu\/","title":{"rendered":"Izrael je priveo \u0161panskog novinara zbog komentara o genocidu i bojkotu"},"content":{"rendered":"<p><img decoding=\"async\" src=\"https:\/\/prizrenpost.com\/ba\/wp-content\/uploads\/Queralt-Castillo-Cerezuela.jpg\" style=\"width:100%;height:auto;margin-bottom:20px\"><\/p>\n<p>Izrael je zabranio \u0161panskom novinaru Queraltu Castillu Cerezueli ulazak u zemlju zbog kori\u0161tenja izraza kao \u0161to je &#8220;genocid&#8221;, objavili su danas \u0161panski i izraelski mediji, prenosi Anadolu.<\/p>\n<p>Izraelsko ministarstvo za dijasporu i borbu protiv antisemitizma preporu\u010dilo je blokiranje njenog ulaska zbog njene aktivnosti na dru\u0161tvenim mre\u017eama, uklju\u010duju\u0107i sadr\u017eaj na dru\u0161tvenim mre\u017eama. Oduzimanje i sankcije (BDS), prema izjavi koju je citirala \u0161panska novinska agencija EFE.<\/p>\n<p>Ministarstvo je navelo nekoliko primjera svog izvje\u0161tavanja i aktivnosti na mre\u017ei, uklju\u010duju\u0107i upotrebu izraza kao \u0161to su &#8220;genocid&#8221;, &#8220;varvarstvo&#8221; i &#8220;masakr&#8221; za opisivanje izraelske vojne kampanje u Gazi nakon napada \u0161panskog novinara Cerzuil 7. oktobra 2023.<\/p>\n<p> Gr\u010dka, koja pokriva me\u0111unarodnu politiku, ljudska prava i migracije i dala je doprinos medijima kao \u0161to su El Diario i El Salto.<\/p>\n<p>Ministar za pitanja dijaspore Amichai Chikli rekao je da taj potez odra\u017eava \u0161iru politiku odbijanja ulaska pojedincima za koje se smatra da su neprijateljski raspolo\u017eeni prema zemlji. \u201eNastavi\u0107emo da se borimo protiv antisemitizma i pristalica BDS\u201c, rekao je on u saop\u0161tenju, dodaju\u0107i da je \u201e\u0160panija mo\u0107no sredi\u0161te antisemitizma.\u201c<\/p>\n<p>\u010cini se da su nalozi Castilla Cerezuele na dru\u0161tvenim mre\u017eama izbrisani.<\/p>\n<p>Ove godine Ministarstvo za dijasporu i Borba protiv Turaka postavili su visoke \u010dinovnike za anti-Semitizam Turaka. iz sli\u010dnih razloga i poduzela je korake da odbije ulazak u zemlju supruzi gradona\u010delnika New Yorka Zohrana Mamdanija, Rami Duwaji, zbog njene propalestinske aktivnosti na dru\u0161tvenim mre\u017eama.<\/p>\n<p>Koristimo kola\u010di\u0107e za pobolj\u0161anje iskustva i prikazivanje oglasa (Google AdSense).<br \/>\n          Klikom na &#8220;Prihvati&#8221;, pristajete na kori\u0161tenje kola\u010di\u0107a u skladu sa<br \/>\n          Politika privatnosti<br \/>\n          i<br \/>\n          Politika kola\u010di\u0107a.<br \/>\n          Nepotrebne kola\u010di\u0107e mo\u017eete odbiti klikom na &#8220;Odbij&#8221;.<\/p>\n<hr style=\"margin:30px 0\">\n<p style=\"font-size:13px;color:#666\">Izvor: <strong>prizrenpost<\/strong><\/p>\n","protected":false},"excerpt":{"rendered":"<p>Izrael je zabranio \u0161panskom novinaru Queraltu Castillu Cerezueli ulazak u zemlju zbog kori\u0161tenja izraza kao \u0161to je &#8220;genocid&#8221;, objavili su danas \u0161panski i izraelski mediji, prenosi Anadolu. Izraelsko ministarstvo za dijasporu i borbu protiv antisemitizma preporu\u010dilo je blokiranje njenog ulaska zbog njene aktivnosti na dru\u0161tvenim mre\u017eama, uklju\u010duju\u0107i sadr\u017eaj na dru\u0161tvenim mre\u017eama. Oduzimanje i sankcije (BDS), [&hellip;]<\/p>\n","protected":false},"author":1,"featured_media":31876,"comment_status":"open","ping_status":"open","sticky":false,"template":"","format":"standard","meta":{"footnotes":""},"categories":[24],"tags":[456],"class_list":["post-31875","post","type-post","status-publish","format-standard","has-post-thumbnail","hentry","category-svijet","tag-aktualnost"],"views":6,"_links":{"self":[{"href":"https:\/\/prizrenpost.com\/ba\/wp-json\/wp\/v2\/posts\/31875","targetHints":{"allow":["GET"]}}],"collection":[{"href":"https:\/\/prizrenpost.com\/ba\/wp-json\/wp\/v2\/posts"}],"about":[{"href":"https:\/\/prizrenpost.com\/ba\/wp-json\/wp\/v2\/types\/post"}],"author":[{"embeddable":true,"href":"https:\/\/prizrenpost.com\/ba\/wp-json\/wp\/v2\/users\/1"}],"replies":[{"embeddable":true,"href":"https:\/\/prizrenpost.com\/ba\/wp-json\/wp\/v2\/comments?post=31875"}],"version-history":[{"count":1,"href":"https:\/\/prizrenpost.com\/ba\/wp-json\/wp\/v2\/posts\/31875\/revisions"}],"predecessor-version":[{"id":31877,"href":"https:\/\/prizrenpost.com\/ba\/wp-json\/wp\/v2\/posts\/31875\/revisions\/31877"}],"wp:featuredmedia":[{"embeddable":true,"href":"https:\/\/prizrenpost.com\/ba\/wp-json\/wp\/v2\/media\/31876"}],"wp:attachment":[{"href":"https:\/\/prizrenpost.com\/ba\/wp-json\/wp\/v2\/media?parent=31875"}],"wp:term":[{"taxonomy":"category","embeddable":true,"href":"https:\/\/prizrenpost.com\/ba\/wp-json\/wp\/v2\/categories?post=31875"},{"taxonomy":"post_tag","embeddable":true,"href":"https:\/\/prizrenpost.com\/ba\/wp-json\/wp\/v2\/tags?post=31875"}],"curies":[{"name":"wp","href":"https:\/\/api.w.org\/{rel}","templated":true}]}}