{"id":31893,"date":"2026-04-30T18:51:05","date_gmt":"2026-04-30T16:51:05","guid":{"rendered":"https:\/\/prizrenpost.com\/ba\/iranski-vrhovni-lider-buducnost-zaliva-bice-bez-sad\/"},"modified":"2026-04-30T18:51:07","modified_gmt":"2026-04-30T16:51:07","slug":"iranski-vrhovni-lider-buducnost-zaliva-bice-bez-sad","status":"publish","type":"post","link":"https:\/\/prizrenpost.com\/ba\/iranski-vrhovni-lider-buducnost-zaliva-bice-bez-sad\/","title":{"rendered":"Iranski vrhovni lider: Budu\u0107nost Zaliva bi\u0107e bez SAD"},"content":{"rendered":"<p><img decoding=\"async\" src=\"https:\/\/prizrenpost.com\/ba\/wp-content\/uploads\/Mojtaba-Khamenei-2026-1.jpg\" style=\"width:100%;height:auto;margin-bottom:20px\"><\/p>\n<p>Iranski vrhovni vo\u0111a Mojtaba Khamenei rekao je da \u0107e budu\u0107nost Zaljeva biti &#8220;bez prisustva SAD-a&#8221;, isti\u010du\u0107i da \u0107e novi pravni i upravlja\u010dki okviri za Hormu\u0161ki tjesnac donijeti stabilnost i ekonomsku korist regiji, prenosi Anadolu.<\/p>\n<p>U pisanoj izjavi koju je objavio njegov ured povodom obilje\u017eavanja Dana nacionalne sile Perzijskog zaljeva, izvor ameri\u010dke strane sile je posebno rekao da je prisustvo ameri\u010dke strane sile Khamenei, Dan dr\u017eavnog Perzijskog zaljeva. nestabilnosti u regionu, dodaju\u0107i da se pojavljuje &#8220;nova faza&#8221;.<\/p>\n<p>On je rekao da je Zaljev klju\u010dni dio regionalnog identiteta i globalne ekonomske povezanosti, posebno kroz Hormu\u0161ki moreuz i Omansko more. Khamenei je rekao da \u0107e Iran osigurati sigurnost u Zaljevu kroz ono \u0161to je opisao kao novo upravljanje Hormu\u0161kim moreuzom, uklju\u010duju\u0107i a\u017eurirane zakonske okvire.<\/p>\n<p>&#8220;Ovi okviri \u0107e donijeti stabilnost, napredak i ekonomske koristi svim zemljama u regionu&#8221;, dodao je. Vrhovni lider je rekao da zemlje regiona dijele zajedni\u010dku sudbinu u Persijskom zaljevu i da vanjski akteri &#8220;sa hiljada kilometara&#8221; nemaju mjesta u njegovoj budu\u0107nosti.<\/p>\n<p>Poruka se odnosi i na ono \u0161to je opisao kao &#8220;novi regionalni poredak&#8221; koji proizlazi iz nedavnih doga\u0111aja. Saop\u0107enje dolazi usred poja\u010danih tenzija nakon rata koji je po\u010deo 28. februara izme\u0111u Irana i SAD-a, koji je poremetio transport i protok energije kroz Hormu\u0161ki moreuz.<\/p>\n<p>Prekid vatre najavljen 8. aprila do sada je po\u0161tovan jer se diplomatski napori nastavljaju u postizanju \u0161ireg sporazuma, uklju\u010duju\u0107i razgovore o pomorskom pristupu i sigurnosti u tjesnacu Hormuz. Dan 2005. godine, u znak sje\u0107anja na protjerivanje portugalskih snaga iz Hormu\u0161kog moreuza tokom Safavidske ere.<\/p>\n<p>Mojtaba Khamenei je izabran za vrhovnog vo\u0111u 9. marta nakon ubistva njegovog oca Alija Khameneija u ameri\u010dkim i izraelskim napadima 28. februara. Otkako je preuzeo du\u017enost, komunicirao je samo putem pismenih izjava.<\/p>\n<p>Koristimo kola\u010di\u0107e za pobolj\u0161anje iskustva i prikazivanje oglasa (Google AdSense).<br \/>\n          Klikom na &#8220;Prihvati&#8221;, pristajete na kori\u0161tenje kola\u010di\u0107a u skladu sa<br \/>\n          Politika privatnosti<br \/>\n          i<br \/>\n          Politika kola\u010di\u0107a.<br \/>\n          Nepotrebne kola\u010di\u0107e mo\u017eete odbiti klikom na &#8220;Odbij&#8221;.<\/p>\n<hr style=\"margin:30px 0\">\n<p style=\"font-size:13px;color:#666\">Izvor: <strong>prizrenpost<\/strong><\/p>\n","protected":false},"excerpt":{"rendered":"<p>Iranski vrhovni vo\u0111a Mojtaba Khamenei rekao je da \u0107e budu\u0107nost Zaljeva biti &#8220;bez prisustva SAD-a&#8221;, isti\u010du\u0107i da \u0107e novi pravni i upravlja\u010dki okviri za Hormu\u0161ki tjesnac donijeti stabilnost i ekonomsku korist regiji, prenosi Anadolu. U pisanoj izjavi koju je objavio njegov ured povodom obilje\u017eavanja Dana nacionalne sile Perzijskog zaljeva, izvor ameri\u010dke strane sile je posebno [&hellip;]<\/p>\n","protected":false},"author":1,"featured_media":31894,"comment_status":"open","ping_status":"open","sticky":false,"template":"","format":"standard","meta":{"footnotes":""},"categories":[24],"tags":[456],"class_list":["post-31893","post","type-post","status-publish","format-standard","has-post-thumbnail","hentry","category-svijet","tag-aktualnost"],"views":6,"_links":{"self":[{"href":"https:\/\/prizrenpost.com\/ba\/wp-json\/wp\/v2\/posts\/31893","targetHints":{"allow":["GET"]}}],"collection":[{"href":"https:\/\/prizrenpost.com\/ba\/wp-json\/wp\/v2\/posts"}],"about":[{"href":"https:\/\/prizrenpost.com\/ba\/wp-json\/wp\/v2\/types\/post"}],"author":[{"embeddable":true,"href":"https:\/\/prizrenpost.com\/ba\/wp-json\/wp\/v2\/users\/1"}],"replies":[{"embeddable":true,"href":"https:\/\/prizrenpost.com\/ba\/wp-json\/wp\/v2\/comments?post=31893"}],"version-history":[{"count":1,"href":"https:\/\/prizrenpost.com\/ba\/wp-json\/wp\/v2\/posts\/31893\/revisions"}],"predecessor-version":[{"id":31895,"href":"https:\/\/prizrenpost.com\/ba\/wp-json\/wp\/v2\/posts\/31893\/revisions\/31895"}],"wp:featuredmedia":[{"embeddable":true,"href":"https:\/\/prizrenpost.com\/ba\/wp-json\/wp\/v2\/media\/31894"}],"wp:attachment":[{"href":"https:\/\/prizrenpost.com\/ba\/wp-json\/wp\/v2\/media?parent=31893"}],"wp:term":[{"taxonomy":"category","embeddable":true,"href":"https:\/\/prizrenpost.com\/ba\/wp-json\/wp\/v2\/categories?post=31893"},{"taxonomy":"post_tag","embeddable":true,"href":"https:\/\/prizrenpost.com\/ba\/wp-json\/wp\/v2\/tags?post=31893"}],"curies":[{"name":"wp","href":"https:\/\/api.w.org\/{rel}","templated":true}]}}