{"id":31905,"date":"2026-04-30T20:30:28","date_gmt":"2026-04-30T18:30:28","guid":{"rendered":"https:\/\/prizrenpost.com\/ba\/pakistan-odrzava-otvorene-kanale-komunikacije-sa-sad-om-i-iranom\/"},"modified":"2026-04-30T20:30:29","modified_gmt":"2026-04-30T18:30:29","slug":"pakistan-odrzava-otvorene-kanale-komunikacije-sa-sad-om-i-iranom","status":"publish","type":"post","link":"https:\/\/prizrenpost.com\/ba\/pakistan-odrzava-otvorene-kanale-komunikacije-sa-sad-om-i-iranom\/","title":{"rendered":"Pakistan odr\u017eava &#8220;otvorene kanale komunikacije&#8221; sa SAD-om i Iranom"},"content":{"rendered":"<p><img decoding=\"async\" src=\"https:\/\/prizrenpost.com\/ba\/wp-content\/uploads\/Pakistani-mban-kanale-komunikimi-te-hapura-me-SHBA-ne-dhe-Iranin.jpg\" style=\"width:100%;height:auto;margin-bottom:20px\"><\/p>\n<p>Pakistan je u \u010detvrtak rekao da je zadr\u017eao &#8220;otvorene kanale komunikacije&#8221; sa SAD-om i Iranom posljednjih sedmica, usred zaustavljenih razgovora o rje\u0161avanju &#8220;slo\u017eenih geopoliti\u010dkih izazova&#8221;, prenosi Anadolu.<\/p>\n<p>Islamabad je nastavio odr\u017eavati &#8220;odr\u017eivu interakciju&#8221; s Washingtonom i Teheranom posljednjih sedmica, rekli su portparoli pakistanskog ministarstva vanjskih poslova i glasnogovornika pakistanskog ministarstva vanjskih poslova Tahira na redovnoj konferenciji za \u0161tampu na konferenciji za novinare. Islamabad.<\/p>\n<p>Pakistan ostaje privr\u017een regionalnoj stabilnosti i me\u0111unarodnom miru, &#8220;\u0161to odra\u017eava na\u0161u sklonost diplomaciji orijentiranoj na principijelni dijalog i rje\u0161avanje slo\u017eenih geopoliti\u010dkih izazova&#8221;, kao i upravljanje &#8220;ozbiljnim sporovima&#8221;, dodao je.<\/p>\n<p>Andrabi je zatim detaljno opisao napore zemlje sa me\u0111unarodnim diplomatskim partnerima i telefonskim aktivnostima i diplomatskim aktivnostima. regionalni.<\/p>\n<p>Pakistanski premijer Shehbaz Sharif tako\u0111er je rekao u srijedu da se diplomatski napori za ubla\u017eavanje tenzija na Bliskom istoku &#8220;stabilno nastavljaju&#8221;. u Zaljevu i zatvaranje Hormu\u0161kog tjesnaca.<\/p>\n<p>Prekid vatre je najavljen 8. aprila uz posredovanje Pakistana, nakon \u010dega su uslijedili pregovori u Islamabadu 11. aprila, ali dogovor nije mogao biti postignut.<\/p>\n<p>Ameri\u010dki predsjednik Donald Trump kasnije je jednostrano produ\u017eio primirje bez novog roka, na zahtjev Pakistana, koji je na zahtjev Pakistana&gt; tako\u0111er odbio Iran.<\/p>\n<p> ponovno otvaranje Hormu\u0161kog tjesnaca, ostavljaju\u0107i pitanja o nuklearnom programu za kasnije pregovore.<\/p>\n<p>Koristimo kola\u010di\u0107e za pobolj\u0161anje iskustva i prikazivanje oglasa (Google AdSense).<br \/>\n          Klikom na &#8220;Prihvati&#8221;, pristajete na kori\u0161tenje kola\u010di\u0107a u skladu sa<br \/>\n          Politika privatnosti<br \/>\n          i<br \/>\n          Politika kola\u010di\u0107a.<br \/>\n          Nepotrebne kola\u010di\u0107e mo\u017eete odbiti klikom na &#8220;Odbij&#8221;.<\/p>\n<hr style=\"margin:30px 0\">\n<p style=\"font-size:13px;color:#666\">Izvor: <strong>prizrenpost<\/strong><\/p>\n","protected":false},"excerpt":{"rendered":"<p>Pakistan je u \u010detvrtak rekao da je zadr\u017eao &#8220;otvorene kanale komunikacije&#8221; sa SAD-om i Iranom posljednjih sedmica, usred zaustavljenih razgovora o rje\u0161avanju &#8220;slo\u017eenih geopoliti\u010dkih izazova&#8221;, prenosi Anadolu. Islamabad je nastavio odr\u017eavati &#8220;odr\u017eivu interakciju&#8221; s Washingtonom i Teheranom posljednjih sedmica, rekli su portparoli pakistanskog ministarstva vanjskih poslova i glasnogovornika pakistanskog ministarstva vanjskih poslova Tahira na redovnoj [&hellip;]<\/p>\n","protected":false},"author":1,"featured_media":31906,"comment_status":"open","ping_status":"open","sticky":false,"template":"","format":"standard","meta":{"footnotes":""},"categories":[24],"tags":[456],"class_list":["post-31905","post","type-post","status-publish","format-standard","has-post-thumbnail","hentry","category-svijet","tag-aktualnost"],"views":9,"_links":{"self":[{"href":"https:\/\/prizrenpost.com\/ba\/wp-json\/wp\/v2\/posts\/31905","targetHints":{"allow":["GET"]}}],"collection":[{"href":"https:\/\/prizrenpost.com\/ba\/wp-json\/wp\/v2\/posts"}],"about":[{"href":"https:\/\/prizrenpost.com\/ba\/wp-json\/wp\/v2\/types\/post"}],"author":[{"embeddable":true,"href":"https:\/\/prizrenpost.com\/ba\/wp-json\/wp\/v2\/users\/1"}],"replies":[{"embeddable":true,"href":"https:\/\/prizrenpost.com\/ba\/wp-json\/wp\/v2\/comments?post=31905"}],"version-history":[{"count":1,"href":"https:\/\/prizrenpost.com\/ba\/wp-json\/wp\/v2\/posts\/31905\/revisions"}],"predecessor-version":[{"id":31907,"href":"https:\/\/prizrenpost.com\/ba\/wp-json\/wp\/v2\/posts\/31905\/revisions\/31907"}],"wp:featuredmedia":[{"embeddable":true,"href":"https:\/\/prizrenpost.com\/ba\/wp-json\/wp\/v2\/media\/31906"}],"wp:attachment":[{"href":"https:\/\/prizrenpost.com\/ba\/wp-json\/wp\/v2\/media?parent=31905"}],"wp:term":[{"taxonomy":"category","embeddable":true,"href":"https:\/\/prizrenpost.com\/ba\/wp-json\/wp\/v2\/categories?post=31905"},{"taxonomy":"post_tag","embeddable":true,"href":"https:\/\/prizrenpost.com\/ba\/wp-json\/wp\/v2\/tags?post=31905"}],"curies":[{"name":"wp","href":"https:\/\/api.w.org\/{rel}","templated":true}]}}