{"id":31908,"date":"2026-04-30T20:50:45","date_gmt":"2026-04-30T18:50:45","guid":{"rendered":"https:\/\/prizrenpost.com\/ba\/italija-osudjuje-izraelsku-zabranu-flotile-odmah-oslobodite-nase-aktiviste\/"},"modified":"2026-04-30T20:50:45","modified_gmt":"2026-04-30T18:50:45","slug":"italija-osudjuje-izraelsku-zabranu-flotile-odmah-oslobodite-nase-aktiviste","status":"publish","type":"post","link":"https:\/\/prizrenpost.com\/ba\/italija-osudjuje-izraelsku-zabranu-flotile-odmah-oslobodite-nase-aktiviste\/","title":{"rendered":"Italija osu\u0111uje izraelsku zabranu flotile: Odmah oslobodite na\u0161e aktiviste"},"content":{"rendered":"<p>Italijanska vlada danas je osudila zapljenu brodova koji su pripadali Globalnoj flotili Sumud od strane izraelskih snaga i pozvala na hitno osloba\u0111anje italijanskih aktivista koji su nezakonito zato\u010deni tokom operacije, prenosi Anadolu.<\/p>\n<p>U kratkom saop\u0107enju, konzervativna vlada predvo\u0111ena premijerom Giorgiom Meloniom zatra\u017eila je od Izraela da &#8220;zajam\u010di taj me\u0111unarodni zakon o sigurnosti na brodu&#8221; da &#8220;zagarantuje zakon o sigurnosti na brodu&#8221; Organizatori flotile rekli su da su plovila presretnuta preko no\u0107i u me\u0111unarodnim vodama u blizini Gr\u010dke.<\/p>\n<p>Italijanski mediji izvje\u0161tavaju da je me\u0111u privedenima oko 24 Italijana. Melonijeva vlada je saop\u0107ila da ostaje predana pru\u017eanju humanitarne pomo\u0107i Pojasu Gaze &#8220;u okviru me\u0111unarodne saradnje iu skladu s me\u0111unarodnim pravom&#8221;.<\/p>\n<p>Flotila je rekla da su izraelske snage zaplijenile 21 brod u srijedu nave\u010der nekoliko milja od gr\u010dkih teritorijalnih voda, dok je jo\u0161 17 pobjeglo i stiglo do gr\u010dkih voda. Grupa ka\u017ee da misija prevozi humanitarnu pomo\u0107 u Gazu i da ima za cilj da izazove izraelsku pomorsku blokadu teritorije.<\/p>\n<p>Izraelsko ministarstvo vanjskih poslova je na dru\u0161tvenim mre\u017eama X objavilo da je oko 175 aktivista sa vi\u0161e od 20 brodova flotile &#8220;mirno krenulo prema izraelskoj operaciji kao &#8220;operacija italijanske italijanske in the flotile&#8221;.<\/p>\n<p> me\u0111unarodne vode&#8221;, nazivaju\u0107i to kr\u0161enjem me\u0111unarodnog prava i pozivaju\u0107i Rim i Evropsku uniju da preduzmu diplomatske korake.<\/p>\n<p>Talijanski ministar vanjskih poslova Antonio Tajani rekao je danas da je dao instrukcije italijanskoj kriznoj jedinici i njenim ambasadama u Tel Avivu i Atini da zatra\u017ee poja\u0161njenje od izraelskih i gr\u010dkih vlasti i da preduzmu potrebne mjere kako bi za\u0161titili otprilike umije\u0161ane talijanske gra\u0111ane &gt;0.<\/p>\n<p> 1.000 aktivista u\u010destvuje u flotili koja je isplovila posljednjih sedmica iz luka uklju\u010duju\u0107i Marseille i Barcelonu u \u0160paniji i Sirakuzu na Siciliji. Raniji poku\u0161aj pro\u0161le godine okon\u010dan je nakon \u0161to su izraelske snage zauzele \u010damce u me\u0111unarodnim vodama i deportovale stotine aktivista.<\/p>\n<p>Novi incident dolazi usred krhkog primirja izme\u0111u Izraela i Hamasa postignutog u oktobru 2025., \u010dime su slu\u017ebeno okon\u010dane vi\u0161e od dvije godine borbi u Gazi. Borbe velikih razmjera su se smirile dok su sporadi\u010dno nasilje i sporovi oko distribucije pomo\u0107i, povla\u010denja trupa i upravljanja Gazom nakon rata nastavljeni, usporavaju\u0107i napore da se unaprijede sljede\u0107e faze sporazuma.<\/p>\n<p>Koristimo kola\u010di\u0107e za pobolj\u0161anje iskustva i prikazivanje reklama (Google AdSense).<br \/>\n          Klikom na &#8220;Prihvati&#8221;, pristajete na kori\u0161tenje kola\u010di\u0107a u skladu sa<br \/>\n          Politika privatnosti<br \/>\n          i<br \/>\n          Politika kola\u010di\u0107a.<br \/>\n          Nepotrebne kola\u010di\u0107e mo\u017eete odbiti klikom na &#8220;Odbij&#8221;.<\/p>\n<hr style=\"margin:30px 0\">\n<p style=\"font-size:13px;color:#666\">Izvor: <strong>prizrenpost<\/strong><\/p>\n","protected":false},"excerpt":{"rendered":"<p>Italijanska vlada danas je osudila zapljenu brodova koji su pripadali Globalnoj flotili Sumud od strane izraelskih snaga i pozvala na hitno osloba\u0111anje italijanskih aktivista koji su nezakonito zato\u010deni tokom operacije, prenosi Anadolu. U kratkom saop\u0107enju, konzervativna vlada predvo\u0111ena premijerom Giorgiom Meloniom zatra\u017eila je od Izraela da &#8220;zajam\u010di taj me\u0111unarodni zakon o sigurnosti na brodu&#8221; da [&hellip;]<\/p>\n","protected":false},"author":1,"featured_media":0,"comment_status":"open","ping_status":"open","sticky":false,"template":"","format":"standard","meta":{"footnotes":""},"categories":[24],"tags":[],"class_list":["post-31908","post","type-post","status-publish","format-standard","hentry","category-svijet"],"views":4,"_links":{"self":[{"href":"https:\/\/prizrenpost.com\/ba\/wp-json\/wp\/v2\/posts\/31908","targetHints":{"allow":["GET"]}}],"collection":[{"href":"https:\/\/prizrenpost.com\/ba\/wp-json\/wp\/v2\/posts"}],"about":[{"href":"https:\/\/prizrenpost.com\/ba\/wp-json\/wp\/v2\/types\/post"}],"author":[{"embeddable":true,"href":"https:\/\/prizrenpost.com\/ba\/wp-json\/wp\/v2\/users\/1"}],"replies":[{"embeddable":true,"href":"https:\/\/prizrenpost.com\/ba\/wp-json\/wp\/v2\/comments?post=31908"}],"version-history":[{"count":0,"href":"https:\/\/prizrenpost.com\/ba\/wp-json\/wp\/v2\/posts\/31908\/revisions"}],"wp:attachment":[{"href":"https:\/\/prizrenpost.com\/ba\/wp-json\/wp\/v2\/media?parent=31908"}],"wp:term":[{"taxonomy":"category","embeddable":true,"href":"https:\/\/prizrenpost.com\/ba\/wp-json\/wp\/v2\/categories?post=31908"},{"taxonomy":"post_tag","embeddable":true,"href":"https:\/\/prizrenpost.com\/ba\/wp-json\/wp\/v2\/tags?post=31908"}],"curies":[{"name":"wp","href":"https:\/\/api.w.org\/{rel}","templated":true}]}}