{"id":31909,"date":"2026-04-30T20:55:37","date_gmt":"2026-04-30T18:55:37","guid":{"rendered":"https:\/\/prizrenpost.com\/ba\/srbija-i-ceska-upozoravaju-na-jacanje-saradnje-u-mnogim-oblastima\/"},"modified":"2026-04-30T20:55:39","modified_gmt":"2026-04-30T18:55:39","slug":"srbija-i-ceska-upozoravaju-na-jacanje-saradnje-u-mnogim-oblastima","status":"publish","type":"post","link":"https:\/\/prizrenpost.com\/ba\/srbija-i-ceska-upozoravaju-na-jacanje-saradnje-u-mnogim-oblastima\/","title":{"rendered":"Srbija i \u010ce\u0161ka upozoravaju na ja\u010danje saradnje u mnogim oblastima"},"content":{"rendered":"<p><img decoding=\"async\" src=\"https:\/\/prizrenpost.com\/ba\/wp-content\/uploads\/thumbs_b_c_f11da88212ff02dfccc533d8eee8e741.jpg\" style=\"width:100%;height:auto;margin-bottom:20px\"><\/p>\n<p>Predsjednik Srbije Aleksandar Vu\u010di\u0107 sastao se u Beogradu sa predsjedavaju\u0107im Predstavni\u010dkog doma \u010de\u0161kog parlamenta Tomiom Okamurom, sa kojim je razgovarao o unapre\u0111enju bilateralnih odnosa i ja\u010danju parlamentarne saradnje, prenosi Anadolu.<\/p>\n<p>Vu\u010di\u0107 je istakao da je tokom sastanka bilo od zna\u010daja da su sve teme u protekloj ekonomskoj saradnji bile od zna\u010daja za obje zemlje koje su u proteklom periodu bile razvijene ekonomske saradnje. dinami\u010dno, sa pove\u0107anjem komercijalne razmene, trgovine uslugama i ulaskom \u010de\u0161kih investicija.<\/p>\n<p>On je istakao da \u0107e obe strane nastaviti da unapre\u0111uju saradnju u oblasti energetike i rudarstva, saobra\u0107aja i infrastrukture, poljoprivrede, turizma i automobilske industrije.<\/p>\n<p>Vu\u010di\u0107 je dodao da je sa Okamurom razgovarao io Okamurom o tome da Srbija podr\u017ei evropski put, ali i o kontinuiranoj podr\u0161ci \u010ce\u0161ke evropskom putu Srbije i \u010ce\u0161ke. inicijative koje podr\u017eavaju \u0161irenje i stabilnost Zapadnog Balkana.<\/p>\n<p>Vu\u010di\u0107 je tako\u0111e izrazio zahvalnost na, kako je rekao, razumevanju &#8220;za situaciju na Kosovu&#8221;, kao i na prijateljskom odnosu prema srpskom narodu. Tokom sastanka, predsednik Srbije je Okamuri predstavio i projekat &#8220;Beograd na vodi&#8221;, koji je opisao kao simbol ubrzane modernizacije prestonice.<\/p>\n<p>Dodao je da Srbija pozdravlja odluku \u010ce\u0161ke da u\u010destvuje na &#8220;EXPO 2027&#8221;, oceniv\u0161i to kao potvrdu dobrih odnosa i zajedni\u010dke posve\u0107enosti ja\u010danju ekonomskog, inovativnog i kulturnog iskustva. (Google AdSense).<br \/>\n          Klikom na &#8220;Prihvati&#8221;, pristajete na kori\u0161tenje kola\u010di\u0107a u skladu sa<br \/>\n          Politika privatnosti<br \/>\n          i<br \/>\n          Politika kola\u010di\u0107a.<br \/>\n          Nepotrebne kola\u010di\u0107e mo\u017eete odbiti klikom na &#8220;Odbij&#8221;.<\/p>\n<hr style=\"margin:30px 0\">\n<p style=\"font-size:13px;color:#666\">Izvor: <strong>prizrenpost<\/strong><\/p>\n","protected":false},"excerpt":{"rendered":"<p>Predsjednik Srbije Aleksandar Vu\u010di\u0107 sastao se u Beogradu sa predsjedavaju\u0107im Predstavni\u010dkog doma \u010de\u0161kog parlamenta Tomiom Okamurom, sa kojim je razgovarao o unapre\u0111enju bilateralnih odnosa i ja\u010danju parlamentarne saradnje, prenosi Anadolu. Vu\u010di\u0107 je istakao da je tokom sastanka bilo od zna\u010daja da su sve teme u protekloj ekonomskoj saradnji bile od zna\u010daja za obje zemlje koje [&hellip;]<\/p>\n","protected":false},"author":1,"featured_media":31910,"comment_status":"open","ping_status":"open","sticky":false,"template":"","format":"standard","meta":{"footnotes":""},"categories":[24],"tags":[456],"class_list":["post-31909","post","type-post","status-publish","format-standard","has-post-thumbnail","hentry","category-svijet","tag-aktualnost"],"views":3,"_links":{"self":[{"href":"https:\/\/prizrenpost.com\/ba\/wp-json\/wp\/v2\/posts\/31909","targetHints":{"allow":["GET"]}}],"collection":[{"href":"https:\/\/prizrenpost.com\/ba\/wp-json\/wp\/v2\/posts"}],"about":[{"href":"https:\/\/prizrenpost.com\/ba\/wp-json\/wp\/v2\/types\/post"}],"author":[{"embeddable":true,"href":"https:\/\/prizrenpost.com\/ba\/wp-json\/wp\/v2\/users\/1"}],"replies":[{"embeddable":true,"href":"https:\/\/prizrenpost.com\/ba\/wp-json\/wp\/v2\/comments?post=31909"}],"version-history":[{"count":1,"href":"https:\/\/prizrenpost.com\/ba\/wp-json\/wp\/v2\/posts\/31909\/revisions"}],"predecessor-version":[{"id":31911,"href":"https:\/\/prizrenpost.com\/ba\/wp-json\/wp\/v2\/posts\/31909\/revisions\/31911"}],"wp:featuredmedia":[{"embeddable":true,"href":"https:\/\/prizrenpost.com\/ba\/wp-json\/wp\/v2\/media\/31910"}],"wp:attachment":[{"href":"https:\/\/prizrenpost.com\/ba\/wp-json\/wp\/v2\/media?parent=31909"}],"wp:term":[{"taxonomy":"category","embeddable":true,"href":"https:\/\/prizrenpost.com\/ba\/wp-json\/wp\/v2\/categories?post=31909"},{"taxonomy":"post_tag","embeddable":true,"href":"https:\/\/prizrenpost.com\/ba\/wp-json\/wp\/v2\/tags?post=31909"}],"curies":[{"name":"wp","href":"https:\/\/api.w.org\/{rel}","templated":true}]}}