{"id":31915,"date":"2026-04-30T21:55:30","date_gmt":"2026-04-30T19:55:30","guid":{"rendered":"https:\/\/prizrenpost.com\/ba\/un-izraelska-zabrana-flotile-gaze-je-izuzetno-zabrinjavajuca\/"},"modified":"2026-04-30T21:55:30","modified_gmt":"2026-04-30T19:55:30","slug":"un-izraelska-zabrana-flotile-gaze-je-izuzetno-zabrinjavajuca","status":"publish","type":"post","link":"https:\/\/prizrenpost.com\/ba\/un-izraelska-zabrana-flotile-gaze-je-izuzetno-zabrinjavajuca\/","title":{"rendered":"UN: Izraelska zabrana flotile Gaze je &#8220;izuzetno zabrinjavaju\u0107a&#8221;"},"content":{"rendered":"<p>UN je izrazio zabrinutost zbog izraelskog zadr\u017eavanja globalne humanitarne flotile Sumud u me\u0111unarodnim vodama, pozivaju\u0107i sve strane da po\u0161tuju me\u0111unarodno pravo i omogu\u0107e \u0161iri humanitarni pristup, javlja Anadolu.<\/p>\n<p>&#8220;Na\u010din na koji je ova operacija izvedena je izuzetno uznemiruju\u0107i. Svi moraju slijediti svoje obaveze prema me\u0111unarodnom pravu&#8221;, rekao je glasnogovorniku UN-a Stephane. Dujarric.<\/p>\n<p>&#8220;Ne \u017eelimo da iko bude povrije\u0111en, ali budimo iskreni, rje\u0161enje za sve ovo je humanitarniji pristup&#8221;, dodao je.<\/p>\n<p>Izraelsko ministarstvo vanjskih poslova saop\u0107ilo je da su njegove pomorske snage zaustavile i zaplijenile vi\u0161e od 20 brodova Sumudske globalne flotile i flotile u me\u0111unarodnim vodama Mediteranskog mora17 djelovale su u me\u0111unarodnim vodama17 u Mediteranskom moru. board. Napad se dogodio u blizini gr\u010dkog ostrva Krit, stotinama nauti\u010dkih milja (vi\u0161e od 1.000 kilometara) od Izraela.<\/p>\n<p>Flotila, koja je nosila humanitarnu pomo\u0107, krenula je pre dve nedelje sa italijanskog ostrva Sicilije, sa ukupno 58 brodova koji su imali za cilj da probiju vi\u0161egodi\u0161nju izraelsku blokadu Gaze.<\/p>\n<p> Pojas Gaze od 2007. godine, ostavljaju\u0107i populaciju od 2,4 miliona na ivici gladi.<\/p>\n<p>Izraelska vojska pokrenula je dvogodi\u0161nju ofanzivu na Gazu u oktobru 2023. godine, ubiv\u0161i vi\u0161e od 72.000 ljudi, raniv\u0161i preko 172.000 i uzrokuju\u0107i \u0161iroko rasprostranjeno uni\u0161tavanje teritorije na Google-u.<\/p>\n<p> AdSense).<br \/>\n          Klikom na &#8220;Prihvati&#8221;, pristajete na kori\u0161tenje kola\u010di\u0107a u skladu sa<br \/>\n          Politika privatnosti<br \/>\n          i<br \/>\n          Politika kola\u010di\u0107a.<br \/>\n          Nepotrebne kola\u010di\u0107e mo\u017eete odbiti klikom na &#8220;Odbij&#8221;.<\/p>\n<hr style=\"margin:30px 0\">\n<p style=\"font-size:13px;color:#666\">Izvor: <strong>prizrenpost<\/strong><\/p>\n","protected":false},"excerpt":{"rendered":"<p>UN je izrazio zabrinutost zbog izraelskog zadr\u017eavanja globalne humanitarne flotile Sumud u me\u0111unarodnim vodama, pozivaju\u0107i sve strane da po\u0161tuju me\u0111unarodno pravo i omogu\u0107e \u0161iri humanitarni pristup, javlja Anadolu. &#8220;Na\u010din na koji je ova operacija izvedena je izuzetno uznemiruju\u0107i. Svi moraju slijediti svoje obaveze prema me\u0111unarodnom pravu&#8221;, rekao je glasnogovorniku UN-a Stephane. Dujarric. &#8220;Ne \u017eelimo da [&hellip;]<\/p>\n","protected":false},"author":1,"featured_media":0,"comment_status":"open","ping_status":"open","sticky":false,"template":"","format":"standard","meta":{"footnotes":""},"categories":[24],"tags":[],"class_list":["post-31915","post","type-post","status-publish","format-standard","hentry","category-svijet"],"views":7,"_links":{"self":[{"href":"https:\/\/prizrenpost.com\/ba\/wp-json\/wp\/v2\/posts\/31915","targetHints":{"allow":["GET"]}}],"collection":[{"href":"https:\/\/prizrenpost.com\/ba\/wp-json\/wp\/v2\/posts"}],"about":[{"href":"https:\/\/prizrenpost.com\/ba\/wp-json\/wp\/v2\/types\/post"}],"author":[{"embeddable":true,"href":"https:\/\/prizrenpost.com\/ba\/wp-json\/wp\/v2\/users\/1"}],"replies":[{"embeddable":true,"href":"https:\/\/prizrenpost.com\/ba\/wp-json\/wp\/v2\/comments?post=31915"}],"version-history":[{"count":0,"href":"https:\/\/prizrenpost.com\/ba\/wp-json\/wp\/v2\/posts\/31915\/revisions"}],"wp:attachment":[{"href":"https:\/\/prizrenpost.com\/ba\/wp-json\/wp\/v2\/media?parent=31915"}],"wp:term":[{"taxonomy":"category","embeddable":true,"href":"https:\/\/prizrenpost.com\/ba\/wp-json\/wp\/v2\/categories?post=31915"},{"taxonomy":"post_tag","embeddable":true,"href":"https:\/\/prizrenpost.com\/ba\/wp-json\/wp\/v2\/tags?post=31915"}],"curies":[{"name":"wp","href":"https:\/\/api.w.org\/{rel}","templated":true}]}}