{"id":31917,"date":"2026-04-30T22:00:29","date_gmt":"2026-04-30T20:00:29","guid":{"rendered":"https:\/\/prizrenpost.com\/ba\/turske-i-grcke-diplomate-razgovaraju-o-izraelskom-napadu-na-flotilu-pomoci-u-gazi\/"},"modified":"2026-04-30T22:00:30","modified_gmt":"2026-04-30T20:00:30","slug":"turske-i-grcke-diplomate-razgovaraju-o-izraelskom-napadu-na-flotilu-pomoci-u-gazi","status":"publish","type":"post","link":"https:\/\/prizrenpost.com\/ba\/turske-i-grcke-diplomate-razgovaraju-o-izraelskom-napadu-na-flotilu-pomoci-u-gazi\/","title":{"rendered":"Turske i gr\u010dke diplomate razgovaraju o izraelskom napadu na flotilu pomo\u0107i u Gazi"},"content":{"rendered":"<p><img decoding=\"async\" src=\"https:\/\/prizrenpost.com\/ba\/wp-content\/uploads\/thumbs_b_c_e47ca6921998ff222f69e3d1a23857f5.jpg\" style=\"width:100%;height:auto;margin-bottom:20px\"><\/p>\n<p>Turski ministar vanjskih poslova Hakan Fidan je u telefonskom razgovoru sa svojim gr\u010dkim kolegom Giorgosom Gerapetritisom razgovarao o izraelskom napadu na Globalnu flotilu Sumud, prenosi Anadolu.<\/p>\n<p>Prema turskim diplomatskim izvorima, Fidan je tokom telefonskog razgovora sa Gerapetritisom razgovarao sa Gerapetritisom, me\u0111u kojima je bila i Gerapetritis. razgovaralo se.<\/p>\n<p>Proljetna misija 2026. globalne flotile Sumud, koja ima za cilj razbijanje izraelske blokade Gaze i isporuku humanitarne pomo\u0107i, krenula je iz Barcelone 12. aprila.<\/p>\n<p>Nakon dodatne posjete Siciliji, flotila je nastavila svoje putovanje. izvr\u0161io ono \u0161to je opisano kao ilegalnu intervenciju u me\u0111unarodnim vodama uz obalu Krita, ciljaju\u0107i na brodove koji su prevozili aktiviste.<\/p>\n<p>Prema zvani\u010dnicima flotile, na brodu je bilo 345 u\u010desnika iz 39 zemalja, uklju\u010duju\u0107i turske dr\u017eavljane.<\/p>\n<p>U prethodnom poku\u0161aju u septembru 2025. godine, izraelske snage su zaustavile vodu u Floru, izraelske snage Globala u Medicinu, u septembru 2025. godine. zadr\u017eavanje aktivista i zapljena brodova.<\/p>\n<p>Koristimo kola\u010di\u0107e za pobolj\u0161anje iskustva i prikazivanje oglasa (Google AdSense).<br \/>\n          Klikom na &#8220;Prihvati&#8221;, pristajete na kori\u0161tenje kola\u010di\u0107a u skladu sa<br \/>\n          Politika privatnosti<br \/>\n          i<br \/>\n          Politika kola\u010di\u0107a.<br \/>\n          Nepotrebne kola\u010di\u0107e mo\u017eete odbiti klikom na &#8220;Odbij&#8221;.<\/p>\n<hr style=\"margin:30px 0\">\n<p style=\"font-size:13px;color:#666\">Izvor: <strong>prizrenpost<\/strong><\/p>\n","protected":false},"excerpt":{"rendered":"<p>Turski ministar vanjskih poslova Hakan Fidan je u telefonskom razgovoru sa svojim gr\u010dkim kolegom Giorgosom Gerapetritisom razgovarao o izraelskom napadu na Globalnu flotilu Sumud, prenosi Anadolu. Prema turskim diplomatskim izvorima, Fidan je tokom telefonskog razgovora sa Gerapetritisom razgovarao sa Gerapetritisom, me\u0111u kojima je bila i Gerapetritis. razgovaralo se. Proljetna misija 2026. globalne flotile Sumud, koja [&hellip;]<\/p>\n","protected":false},"author":1,"featured_media":31918,"comment_status":"open","ping_status":"open","sticky":false,"template":"","format":"standard","meta":{"footnotes":""},"categories":[24],"tags":[456],"class_list":["post-31917","post","type-post","status-publish","format-standard","has-post-thumbnail","hentry","category-svijet","tag-aktualnost"],"views":5,"_links":{"self":[{"href":"https:\/\/prizrenpost.com\/ba\/wp-json\/wp\/v2\/posts\/31917","targetHints":{"allow":["GET"]}}],"collection":[{"href":"https:\/\/prizrenpost.com\/ba\/wp-json\/wp\/v2\/posts"}],"about":[{"href":"https:\/\/prizrenpost.com\/ba\/wp-json\/wp\/v2\/types\/post"}],"author":[{"embeddable":true,"href":"https:\/\/prizrenpost.com\/ba\/wp-json\/wp\/v2\/users\/1"}],"replies":[{"embeddable":true,"href":"https:\/\/prizrenpost.com\/ba\/wp-json\/wp\/v2\/comments?post=31917"}],"version-history":[{"count":1,"href":"https:\/\/prizrenpost.com\/ba\/wp-json\/wp\/v2\/posts\/31917\/revisions"}],"predecessor-version":[{"id":31919,"href":"https:\/\/prizrenpost.com\/ba\/wp-json\/wp\/v2\/posts\/31917\/revisions\/31919"}],"wp:featuredmedia":[{"embeddable":true,"href":"https:\/\/prizrenpost.com\/ba\/wp-json\/wp\/v2\/media\/31918"}],"wp:attachment":[{"href":"https:\/\/prizrenpost.com\/ba\/wp-json\/wp\/v2\/media?parent=31917"}],"wp:term":[{"taxonomy":"category","embeddable":true,"href":"https:\/\/prizrenpost.com\/ba\/wp-json\/wp\/v2\/categories?post=31917"},{"taxonomy":"post_tag","embeddable":true,"href":"https:\/\/prizrenpost.com\/ba\/wp-json\/wp\/v2\/tags?post=31917"}],"curies":[{"name":"wp","href":"https:\/\/api.w.org\/{rel}","templated":true}]}}