{"id":31965,"date":"2026-05-01T09:10:22","date_gmt":"2026-05-01T07:10:22","guid":{"rendered":"https:\/\/prizrenpost.com\/ba\/stanovnici-gaze-protestiraju-zapaljenim-satorima-kako-bi-svijet-cuo-njihov-glas\/"},"modified":"2026-05-01T09:10:23","modified_gmt":"2026-05-01T07:10:23","slug":"stanovnici-gaze-protestiraju-zapaljenim-satorima-kako-bi-svijet-cuo-njihov-glas","status":"publish","type":"post","link":"https:\/\/prizrenpost.com\/ba\/stanovnici-gaze-protestiraju-zapaljenim-satorima-kako-bi-svijet-cuo-njihov-glas\/","title":{"rendered":"Stanovnici Gaze protestiraju &#8220;zapaljenim \u0161atorima&#8221; kako bi svijet \u010duo njihov glas"},"content":{"rendered":"<p><img decoding=\"async\" src=\"https:\/\/prizrenpost.com\/ba\/wp-content\/uploads\/thumbs_b_c_ebfc1f377a9afbc6e3b19cb1c059a674.jpg\" style=\"width:100%;height:auto;margin-bottom:20px\"><\/p>\n<p>Stanovnici podru\u010dja Darusselam u \u010detvrti Zeytun, isto\u010dno od grada Gaze, odr\u017eali su demonstracije kako bi skrenuli pa\u017enju na izraelsko kr\u0161enje primirja i pogor\u0161anje humanitarnih uslova u regiji, javlja Anadolu.<\/p>\n<p>Stanovnici tog podru\u010dja, koji su rekli da \u017eive u velikoj opasnosti zbog kr\u0161enja izraelske organizacije koja je spalila, a ne kr\u0161enja ljudskih \u017eila cilj da se njihov glas \u010duje. \u010duje se.<\/p>\n<p>Izrael nastavlja da kr\u0161i sporazum o prekidu vatre u Gazi od oktobra pro\u0161le godine, pored napada ograni\u010davanjem ulaska dogovorenih koli\u010dina hrane, lijekova, sanitetskog materijala i materijala za skloni\u0161te u Gazu, gdje oko 2,4 miliona Palestinaca, uklju\u010duju\u0107i 1,5 miliona raseljenih, \u017eivi u stra\u0161nim uvjetima. pro\u0161le godine. 2023. godine, ubiv\u0161i najmanje 72.340 Palestinaca i raniv\u0161i oko 172.250 drugih. Izraelska agresija je tako\u0111er uni\u0161tila oko 90 posto infrastrukture enklave.<\/p>\n<p>Koristimo kola\u010di\u0107e za pobolj\u0161anje iskustva i prikazivanje oglasa (Google AdSense).<br \/>\n          Klikom na &#8220;Prihvati&#8221;, pristajete na kori\u0161tenje kola\u010di\u0107a u skladu sa<br \/>\n          Politika privatnosti<br \/>\n          i<br \/>\n          Politika kola\u010di\u0107a.<br \/>\n          Nepotrebne kola\u010di\u0107e mo\u017eete odbiti klikom na &#8220;Odbij&#8221;.<\/p>\n<hr style=\"margin:30px 0\">\n<p style=\"font-size:13px;color:#666\">Izvor: <strong>prizrenpost<\/strong><\/p>\n","protected":false},"excerpt":{"rendered":"<p>Stanovnici podru\u010dja Darusselam u \u010detvrti Zeytun, isto\u010dno od grada Gaze, odr\u017eali su demonstracije kako bi skrenuli pa\u017enju na izraelsko kr\u0161enje primirja i pogor\u0161anje humanitarnih uslova u regiji, javlja Anadolu. Stanovnici tog podru\u010dja, koji su rekli da \u017eive u velikoj opasnosti zbog kr\u0161enja izraelske organizacije koja je spalila, a ne kr\u0161enja ljudskih \u017eila cilj da se [&hellip;]<\/p>\n","protected":false},"author":1,"featured_media":31966,"comment_status":"open","ping_status":"open","sticky":false,"template":"","format":"standard","meta":{"footnotes":""},"categories":[24],"tags":[456],"class_list":["post-31965","post","type-post","status-publish","format-standard","has-post-thumbnail","hentry","category-svijet","tag-aktualnost"],"views":2,"_links":{"self":[{"href":"https:\/\/prizrenpost.com\/ba\/wp-json\/wp\/v2\/posts\/31965","targetHints":{"allow":["GET"]}}],"collection":[{"href":"https:\/\/prizrenpost.com\/ba\/wp-json\/wp\/v2\/posts"}],"about":[{"href":"https:\/\/prizrenpost.com\/ba\/wp-json\/wp\/v2\/types\/post"}],"author":[{"embeddable":true,"href":"https:\/\/prizrenpost.com\/ba\/wp-json\/wp\/v2\/users\/1"}],"replies":[{"embeddable":true,"href":"https:\/\/prizrenpost.com\/ba\/wp-json\/wp\/v2\/comments?post=31965"}],"version-history":[{"count":1,"href":"https:\/\/prizrenpost.com\/ba\/wp-json\/wp\/v2\/posts\/31965\/revisions"}],"predecessor-version":[{"id":31967,"href":"https:\/\/prizrenpost.com\/ba\/wp-json\/wp\/v2\/posts\/31965\/revisions\/31967"}],"wp:featuredmedia":[{"embeddable":true,"href":"https:\/\/prizrenpost.com\/ba\/wp-json\/wp\/v2\/media\/31966"}],"wp:attachment":[{"href":"https:\/\/prizrenpost.com\/ba\/wp-json\/wp\/v2\/media?parent=31965"}],"wp:term":[{"taxonomy":"category","embeddable":true,"href":"https:\/\/prizrenpost.com\/ba\/wp-json\/wp\/v2\/categories?post=31965"},{"taxonomy":"post_tag","embeddable":true,"href":"https:\/\/prizrenpost.com\/ba\/wp-json\/wp\/v2\/tags?post=31965"}],"curies":[{"name":"wp","href":"https:\/\/api.w.org\/{rel}","templated":true}]}}