{"id":31971,"date":"2026-05-01T09:40:17","date_gmt":"2026-05-01T07:40:17","guid":{"rendered":"https:\/\/prizrenpost.com\/ba\/izbori-7-juna-cik-danas-odrzava-prvi-sastanak\/"},"modified":"2026-05-01T09:40:18","modified_gmt":"2026-05-01T07:40:18","slug":"izbori-7-juna-cik-danas-odrzava-prvi-sastanak","status":"publish","type":"post","link":"https:\/\/prizrenpost.com\/ba\/izbori-7-juna-cik-danas-odrzava-prvi-sastanak\/","title":{"rendered":"Izbori 7. juna: CIK danas odr\u017eava prvi sastanak"},"content":{"rendered":"<p><img decoding=\"async\" src=\"https:\/\/prizrenpost.com\/ba\/wp-content\/uploads\/KQZ-2-2.jpg\" style=\"width:100%;height:auto;margin-bottom:20px\"><\/p>\n<p>Danas, sa po\u010detkom u 11.30 \u010dasova, Centralna izborna komisija odr\u017ea\u0107e prvi sastanak nakon odre\u0111ivanja datuma 7. juna 2026. godine za odr\u017eavanje vanrednih izbora za Skup\u0161tinu Kosova.<\/p>\n<p>Prve odluke na dnevnom redu bi\u0107e odre\u0111ivanje rokova za izborne aktivnosti i usvajanje plana bud\u017eeta, navodi EEK sa planom EK.<\/p>\n<p>C. aktivnosti, CIK reguli\u0161e pitanja na kojima se gradi cijeli izborni proces, a koja se odnose na bira\u010de, politi\u010dke subjekte i posmatra\u010de.<\/p>\n<p>\u201eDakle, ovdje je definisan rok za koaliciju politi\u010dkih stranaka i izja\u0161njavanje o neu\u010destvu na izborima; rok za ovjeru politi\u010dkih subjekata i dostavu liste kandidata kroz izborne periode, kao i rok za izbore za izbore C, tako\u0111e se odre\u0111uju izborni periodi za izbore. registracija bira\u010da van Kosova, glasanje preko po\u0161te i u diplomatskim predstavni\u0161tvima, kao i registracija bira\u010da sa posebnim potrebama je i odre\u0111ivanje rokova za akreditaciju posmatra\u010da i medija\u201c, rekao je Elezi.<\/p>\n<p>Prema njegovim rije\u010dima, s obzirom na to da se radi o vanrednim izborima, \u201enjihova organizacija se vr\u0161i u skladu sa rokovima CIK-a u skladu sa potrebnim rokovima. okolnosti.<\/p>\n<p>Tako\u0111er, Elezi je nazna\u010dio da se na ovom sastanku od CIK-a o\u010dekuje da odobri planiranje bud\u017eeta neophodno za organizaciju izbora.<\/p>\n<p>&#8220;2026. godina nije izborna i to zna\u010di da u godi\u0161njem bud\u017eetu CIK-a podijeljenom Zakonom o bud\u017eetu nema planiranih sredstava za prijevremene izbore. U takvim okolnostima, kao \u0161to je to \u010dinjeno u pro\u0161losti, CIK se obra\u0107a Vladi Kosova sa zahtjevom za sredstva koja su neophodna za pokrivanje tro\u0161kova\u201d, rekao je on.<\/p>\n<p>Koristimo kola\u010di\u0107e za pobolj\u0161anje iskustva i prikazivanje reklama (Google AdSense).<br \/>\n          Klikom na &#8220;Prihvati&#8221;, pristajete na kori\u0161tenje kola\u010di\u0107a u skladu sa<br \/>\n          Politika privatnosti<br \/>\n          i<br \/>\n          Politika kola\u010di\u0107a.<br \/>\n          Nepotrebne kola\u010di\u0107e mo\u017eete odbiti klikom na &#8220;Odbij&#8221;.<\/p>\n<hr style=\"margin:30px 0\">\n<p style=\"font-size:13px;color:#666\">Izvor: <strong>prizrenpost<\/strong><\/p>\n","protected":false},"excerpt":{"rendered":"<p>Danas, sa po\u010detkom u 11.30 \u010dasova, Centralna izborna komisija odr\u017ea\u0107e prvi sastanak nakon odre\u0111ivanja datuma 7. juna 2026. godine za odr\u017eavanje vanrednih izbora za Skup\u0161tinu Kosova. Prve odluke na dnevnom redu bi\u0107e odre\u0111ivanje rokova za izborne aktivnosti i usvajanje plana bud\u017eeta, navodi EEK sa planom EK. C. aktivnosti, CIK reguli\u0161e pitanja na kojima se gradi [&hellip;]<\/p>\n","protected":false},"author":1,"featured_media":31972,"comment_status":"open","ping_status":"open","sticky":false,"template":"","format":"standard","meta":{"footnotes":""},"categories":[14],"tags":[456],"class_list":["post-31971","post","type-post","status-publish","format-standard","has-post-thumbnail","hentry","category-nacionalne","tag-aktualnost"],"views":8,"_links":{"self":[{"href":"https:\/\/prizrenpost.com\/ba\/wp-json\/wp\/v2\/posts\/31971","targetHints":{"allow":["GET"]}}],"collection":[{"href":"https:\/\/prizrenpost.com\/ba\/wp-json\/wp\/v2\/posts"}],"about":[{"href":"https:\/\/prizrenpost.com\/ba\/wp-json\/wp\/v2\/types\/post"}],"author":[{"embeddable":true,"href":"https:\/\/prizrenpost.com\/ba\/wp-json\/wp\/v2\/users\/1"}],"replies":[{"embeddable":true,"href":"https:\/\/prizrenpost.com\/ba\/wp-json\/wp\/v2\/comments?post=31971"}],"version-history":[{"count":1,"href":"https:\/\/prizrenpost.com\/ba\/wp-json\/wp\/v2\/posts\/31971\/revisions"}],"predecessor-version":[{"id":31973,"href":"https:\/\/prizrenpost.com\/ba\/wp-json\/wp\/v2\/posts\/31971\/revisions\/31973"}],"wp:featuredmedia":[{"embeddable":true,"href":"https:\/\/prizrenpost.com\/ba\/wp-json\/wp\/v2\/media\/31972"}],"wp:attachment":[{"href":"https:\/\/prizrenpost.com\/ba\/wp-json\/wp\/v2\/media?parent=31971"}],"wp:term":[{"taxonomy":"category","embeddable":true,"href":"https:\/\/prizrenpost.com\/ba\/wp-json\/wp\/v2\/categories?post=31971"},{"taxonomy":"post_tag","embeddable":true,"href":"https:\/\/prizrenpost.com\/ba\/wp-json\/wp\/v2\/tags?post=31971"}],"curies":[{"name":"wp","href":"https:\/\/api.w.org\/{rel}","templated":true}]}}