{"id":31974,"date":"2026-05-01T09:45:19","date_gmt":"2026-05-01T07:45:19","guid":{"rendered":"https:\/\/prizrenpost.com\/ba\/za-praznik-rada-najavljena-tri-protesta\/"},"modified":"2026-05-01T09:45:20","modified_gmt":"2026-05-01T07:45:20","slug":"za-praznik-rada-najavljena-tri-protesta","status":"publish","type":"post","link":"https:\/\/prizrenpost.com\/ba\/za-praznik-rada-najavljena-tri-protesta\/","title":{"rendered":"Za Praznik rada najavljena tri protesta"},"content":{"rendered":"<p><img decoding=\"async\" src=\"https:\/\/prizrenpost.com\/ba\/wp-content\/uploads\/1-maji-protesta.jpg\" style=\"width:100%;height:auto;margin-bottom:20px\"><\/p>\n<p>Povodom Me\u0111unarodnog praznika rada najavljena su tri protesta razli\u010ditih organizacija u Pri\u0161tini, koji \u0107e se odr\u017eati u razli\u010ditim terminima i na razli\u010ditim lokacijama tokom dana.<\/p>\n<p>Prema zvani\u010dnim najavama, prvi protest odr\u017ea\u0107e predstavnici malih preduze\u0107a pod motom &#8220;Dosta je bilo diskriminacije!&#8221;, sa po\u010detkom u 09:00 \u010dasova prema Op\u0161tini Pri\u0161tina, a zatim nastavak ispred Kancelarije u Pri\u0161tini. <\/p>\n<p>U me\u0111uvremenu, Savez sindikata radnika privatnog sektora od 10:00 sati organizuje protest na Trgu Zahira Pajazitija, u sklopu obilje\u017eavanja ovog dana.<\/p>\n<p>Tako\u0111er, Antikapitalisti\u010dka skup\u0161tina najavila je protest od 12:00 sati, sa sloganom &#8220;Va\u0161 glas se ne mo\u017ee ignorisati&#8221;, ali <\/p>\n<p>va\u0161 glas se ignori\u0161e na trgu. 1 je poznat kao Me\u0111unarodni praznik rada. Ova manifestacija je nastala iz borbe radnika da zatra\u017ee i osiguraju svoja prava, slobode i uslove rada i \u017eivota.<\/p>\n<p>1. maj je praznik utemeljen u znak sje\u0107anja na mu\u010deni\u0161tvo na trgu &#8220;Haymarket&#8221; te u spomen i proslavu Me\u0111unarodnog dana radni\u010dke solidarnosti.<\/p>\n<p>Koristimo kola\u010di\u0107e za pobolj\u0161anje iskustva i prikazivanje reklama (Google AdSense).<br \/>\n          Klikom na &#8220;Prihvati&#8221;, pristajete na kori\u0161tenje kola\u010di\u0107a u skladu sa<br \/>\n          Politika privatnosti<br \/>\n          i<br \/>\n          Politika kola\u010di\u0107a.<br \/>\n          Nepotrebne kola\u010di\u0107e mo\u017eete odbiti klikom na &#8220;Odbij&#8221;.<\/p>\n<hr style=\"margin:30px 0\">\n<p style=\"font-size:13px;color:#666\">Izvor: <strong>prizrenpost<\/strong><\/p>\n","protected":false},"excerpt":{"rendered":"<p>Povodom Me\u0111unarodnog praznika rada najavljena su tri protesta razli\u010ditih organizacija u Pri\u0161tini, koji \u0107e se odr\u017eati u razli\u010ditim terminima i na razli\u010ditim lokacijama tokom dana. Prema zvani\u010dnim najavama, prvi protest odr\u017ea\u0107e predstavnici malih preduze\u0107a pod motom &#8220;Dosta je bilo diskriminacije!&#8221;, sa po\u010detkom u 09:00 \u010dasova prema Op\u0161tini Pri\u0161tina, a zatim nastavak ispred Kancelarije u Pri\u0161tini. [&hellip;]<\/p>\n","protected":false},"author":1,"featured_media":31975,"comment_status":"open","ping_status":"open","sticky":false,"template":"","format":"standard","meta":{"footnotes":""},"categories":[14],"tags":[456],"class_list":["post-31974","post","type-post","status-publish","format-standard","has-post-thumbnail","hentry","category-nacionalne","tag-aktualnost"],"views":6,"_links":{"self":[{"href":"https:\/\/prizrenpost.com\/ba\/wp-json\/wp\/v2\/posts\/31974","targetHints":{"allow":["GET"]}}],"collection":[{"href":"https:\/\/prizrenpost.com\/ba\/wp-json\/wp\/v2\/posts"}],"about":[{"href":"https:\/\/prizrenpost.com\/ba\/wp-json\/wp\/v2\/types\/post"}],"author":[{"embeddable":true,"href":"https:\/\/prizrenpost.com\/ba\/wp-json\/wp\/v2\/users\/1"}],"replies":[{"embeddable":true,"href":"https:\/\/prizrenpost.com\/ba\/wp-json\/wp\/v2\/comments?post=31974"}],"version-history":[{"count":1,"href":"https:\/\/prizrenpost.com\/ba\/wp-json\/wp\/v2\/posts\/31974\/revisions"}],"predecessor-version":[{"id":31976,"href":"https:\/\/prizrenpost.com\/ba\/wp-json\/wp\/v2\/posts\/31974\/revisions\/31976"}],"wp:featuredmedia":[{"embeddable":true,"href":"https:\/\/prizrenpost.com\/ba\/wp-json\/wp\/v2\/media\/31975"}],"wp:attachment":[{"href":"https:\/\/prizrenpost.com\/ba\/wp-json\/wp\/v2\/media?parent=31974"}],"wp:term":[{"taxonomy":"category","embeddable":true,"href":"https:\/\/prizrenpost.com\/ba\/wp-json\/wp\/v2\/categories?post=31974"},{"taxonomy":"post_tag","embeddable":true,"href":"https:\/\/prizrenpost.com\/ba\/wp-json\/wp\/v2\/tags?post=31974"}],"curies":[{"name":"wp","href":"https:\/\/api.w.org\/{rel}","templated":true}]}}