{"id":31980,"date":"2026-05-01T09:51:23","date_gmt":"2026-05-01T07:51:23","guid":{"rendered":"https:\/\/prizrenpost.com\/ba\/zena-u-peci-javlja-da-je-u-njeno-dvoriste-bacena-eksplozivna-naprava\/"},"modified":"2026-05-01T09:51:23","modified_gmt":"2026-05-01T07:51:23","slug":"zena-u-peci-javlja-da-je-u-njeno-dvoriste-bacena-eksplozivna-naprava","status":"publish","type":"post","link":"https:\/\/prizrenpost.com\/ba\/zena-u-peci-javlja-da-je-u-njeno-dvoriste-bacena-eksplozivna-naprava\/","title":{"rendered":"\u017dena u Pe\u0107i javlja da je u njeno dvori\u0161te ba\u010dena eksplozivna naprava"},"content":{"rendered":"<p><img decoding=\"async\" src=\"https:\/\/prizrenpost.com\/ba\/wp-content\/uploads\/policia-ilustrim.jpeg\" style=\"width:100%;height:auto;margin-bottom:20px\"><\/p>\n<p>U Pe\u0107i je jedna \u017eena prijavila da je u \u010detvrtak uve\u010de, oko 22.10, u njeno dvori\u0161te ba\u010dena eksplozivna naprava.<\/p>\n<p>Policija je iza\u0161la na lice mesta, a prema 24-\u010dasovnom izve\u0161taju KP, u njenom dvori\u0161tu su prona\u0111ene sumnjive naprave.<\/p>\n<p>\u201eBiv\u0161a Kosovarka u mestu je pritu\u017eiteljica prijavila da je napravu bacila na Kosovo. &#8220;U trenutku incidenta prona\u0111ene su dvije cilindri\u010dne papirne kutije na dva razli\u010dita mjesta, prona\u0111ene su i dvije plinske boce (plin propan), a uo\u010den je i bijeli trag gdje se sumnja da je do\u0161lo do eksplozije pirotehni\u010dkog sredstva&#8221;, saop\u0161tila je policija \/Klankosova.tv<\/p>\n<p>Koristimo kola\u010di\u0107e za ogla\u0161avanje na AdSenseu.<br \/>\n          Klikom na &#8220;Prihvati&#8221;, pristajete na kori\u0161tenje kola\u010di\u0107a u skladu sa<br \/>\n          Politika privatnosti<br \/>\n          i<br \/>\n          Politika kola\u010di\u0107a.<br \/>\n          Nepotrebne kola\u010di\u0107e mo\u017eete odbiti klikom na &#8220;Odbij&#8221;.<\/p>\n<hr style=\"margin:30px 0\">\n<p style=\"font-size:13px;color:#666\">Izvor: <strong>prizrenpost<\/strong><\/p>\n","protected":false},"excerpt":{"rendered":"<p>U Pe\u0107i je jedna \u017eena prijavila da je u \u010detvrtak uve\u010de, oko 22.10, u njeno dvori\u0161te ba\u010dena eksplozivna naprava. Policija je iza\u0161la na lice mesta, a prema 24-\u010dasovnom izve\u0161taju KP, u njenom dvori\u0161tu su prona\u0111ene sumnjive naprave. \u201eBiv\u0161a Kosovarka u mestu je pritu\u017eiteljica prijavila da je napravu bacila na Kosovo. &#8220;U trenutku incidenta prona\u0111ene su [&hellip;]<\/p>\n","protected":false},"author":1,"featured_media":31981,"comment_status":"open","ping_status":"open","sticky":false,"template":"","format":"standard","meta":{"footnotes":""},"categories":[17],"tags":[],"class_list":["post-31980","post","type-post","status-publish","format-standard","has-post-thumbnail","hentry","category-17"],"views":8,"_links":{"self":[{"href":"https:\/\/prizrenpost.com\/ba\/wp-json\/wp\/v2\/posts\/31980","targetHints":{"allow":["GET"]}}],"collection":[{"href":"https:\/\/prizrenpost.com\/ba\/wp-json\/wp\/v2\/posts"}],"about":[{"href":"https:\/\/prizrenpost.com\/ba\/wp-json\/wp\/v2\/types\/post"}],"author":[{"embeddable":true,"href":"https:\/\/prizrenpost.com\/ba\/wp-json\/wp\/v2\/users\/1"}],"replies":[{"embeddable":true,"href":"https:\/\/prizrenpost.com\/ba\/wp-json\/wp\/v2\/comments?post=31980"}],"version-history":[{"count":1,"href":"https:\/\/prizrenpost.com\/ba\/wp-json\/wp\/v2\/posts\/31980\/revisions"}],"predecessor-version":[{"id":31982,"href":"https:\/\/prizrenpost.com\/ba\/wp-json\/wp\/v2\/posts\/31980\/revisions\/31982"}],"wp:featuredmedia":[{"embeddable":true,"href":"https:\/\/prizrenpost.com\/ba\/wp-json\/wp\/v2\/media\/31981"}],"wp:attachment":[{"href":"https:\/\/prizrenpost.com\/ba\/wp-json\/wp\/v2\/media?parent=31980"}],"wp:term":[{"taxonomy":"category","embeddable":true,"href":"https:\/\/prizrenpost.com\/ba\/wp-json\/wp\/v2\/categories?post=31980"},{"taxonomy":"post_tag","embeddable":true,"href":"https:\/\/prizrenpost.com\/ba\/wp-json\/wp\/v2\/tags?post=31980"}],"curies":[{"name":"wp","href":"https:\/\/api.w.org\/{rel}","templated":true}]}}