{"id":31986,"date":"2026-05-01T10:35:24","date_gmt":"2026-05-01T08:35:24","guid":{"rendered":"https:\/\/prizrenpost.com\/ba\/vise-od-21-000-palestinske-djece-ubijeno-od-oktobra-2023\/"},"modified":"2026-05-01T10:35:25","modified_gmt":"2026-05-01T08:35:25","slug":"vise-od-21-000-palestinske-djece-ubijeno-od-oktobra-2023","status":"publish","type":"post","link":"https:\/\/prizrenpost.com\/ba\/vise-od-21-000-palestinske-djece-ubijeno-od-oktobra-2023\/","title":{"rendered":"Vi\u0161e od 21.000 palestinske djece ubijeno od oktobra 2023"},"content":{"rendered":"<p><img decoding=\"async\" src=\"https:\/\/prizrenpost.com\/ba\/wp-content\/uploads\/YTEZZGJFNVGE43O6YQ3OVBVUJY.jpg\" style=\"width:100%;height:auto;margin-bottom:20px\"><\/p>\n<p>Vi\u0161e od 21.000 palestinske djece ubijeno je od oktobra 2023. godine u jednom od najozbiljnijih sukoba koji je zahvatio pojas Gaze.<\/p>\n<p>Organizacije i aktivisti nagla\u0161avaju da brojke ne mogu u potpunosti odraziti ljudsku tragediju, jer se iza svakog broja krije prekinut \u017eivot i neispri\u010dana me\u0111unarodna kampanja, \u0161to &#8220;u ovom kontekstu nisu brojevi&#8221;,<\/p>\n<p> ima za cilj da sa\u010duva uspomene, fotografije i li\u010dne pri\u010de hiljada djece ubijene tokom rata.<\/p>\n<p>Inicijativa ima za cilj da \u017ertve ne ostanu samo statistika, ve\u0107 da budu zapam\u0107ene kao pojedinci sa \u017eivotima, snovima i porodicama.<\/p>\n<p>Iz Grada Gaze javljaju da se ovom kampanjom prikupljaju svjedo\u010danstva i materijali \u010dlanova porodica, u nastojanju da se sa\u010duva sje\u0107anje na \u017ertve i da se sa\u010duva sje\u0107anje na \u017ertve. \/message<\/p>\n<p>Koristimo kola\u010di\u0107e za pobolj\u0161anje iskustva i za prikaz oglasa (Google AdSense).<br \/>\n          Klikom na &#8220;Prihvati&#8221;, pristajete na kori\u0161tenje kola\u010di\u0107a u skladu sa<br \/>\n          Politika privatnosti<br \/>\n          i<br \/>\n          Politika kola\u010di\u0107a.<br \/>\n          Nepotrebne kola\u010di\u0107e mo\u017eete odbiti klikom na &#8220;Odbij&#8221;.<\/p>\n<hr style=\"margin:30px 0\">\n<p style=\"font-size:13px;color:#666\">Izvor: <strong>prizrenpost<\/strong><\/p>\n","protected":false},"excerpt":{"rendered":"<p>Vi\u0161e od 21.000 palestinske djece ubijeno je od oktobra 2023. godine u jednom od najozbiljnijih sukoba koji je zahvatio pojas Gaze. Organizacije i aktivisti nagla\u0161avaju da brojke ne mogu u potpunosti odraziti ljudsku tragediju, jer se iza svakog broja krije prekinut \u017eivot i neispri\u010dana me\u0111unarodna kampanja, \u0161to &#8220;u ovom kontekstu nisu brojevi&#8221;, ima za cilj [&hellip;]<\/p>\n","protected":false},"author":1,"featured_media":31987,"comment_status":"open","ping_status":"open","sticky":false,"template":"","format":"standard","meta":{"footnotes":""},"categories":[24],"tags":[456],"class_list":["post-31986","post","type-post","status-publish","format-standard","has-post-thumbnail","hentry","category-svijet","tag-aktualnost"],"views":4,"_links":{"self":[{"href":"https:\/\/prizrenpost.com\/ba\/wp-json\/wp\/v2\/posts\/31986","targetHints":{"allow":["GET"]}}],"collection":[{"href":"https:\/\/prizrenpost.com\/ba\/wp-json\/wp\/v2\/posts"}],"about":[{"href":"https:\/\/prizrenpost.com\/ba\/wp-json\/wp\/v2\/types\/post"}],"author":[{"embeddable":true,"href":"https:\/\/prizrenpost.com\/ba\/wp-json\/wp\/v2\/users\/1"}],"replies":[{"embeddable":true,"href":"https:\/\/prizrenpost.com\/ba\/wp-json\/wp\/v2\/comments?post=31986"}],"version-history":[{"count":1,"href":"https:\/\/prizrenpost.com\/ba\/wp-json\/wp\/v2\/posts\/31986\/revisions"}],"predecessor-version":[{"id":31988,"href":"https:\/\/prizrenpost.com\/ba\/wp-json\/wp\/v2\/posts\/31986\/revisions\/31988"}],"wp:featuredmedia":[{"embeddable":true,"href":"https:\/\/prizrenpost.com\/ba\/wp-json\/wp\/v2\/media\/31987"}],"wp:attachment":[{"href":"https:\/\/prizrenpost.com\/ba\/wp-json\/wp\/v2\/media?parent=31986"}],"wp:term":[{"taxonomy":"category","embeddable":true,"href":"https:\/\/prizrenpost.com\/ba\/wp-json\/wp\/v2\/categories?post=31986"},{"taxonomy":"post_tag","embeddable":true,"href":"https:\/\/prizrenpost.com\/ba\/wp-json\/wp\/v2\/tags?post=31986"}],"curies":[{"name":"wp","href":"https:\/\/api.w.org\/{rel}","templated":true}]}}