{"id":32024,"date":"2026-05-01T14:20:19","date_gmt":"2026-05-01T12:20:19","guid":{"rendered":"https:\/\/prizrenpost.com\/ba\/hadziju-zahvalnost-americkom-kongresu-za-prokosovsku-rezoluciju-u-nato\/"},"modified":"2026-05-01T14:20:20","modified_gmt":"2026-05-01T12:20:20","slug":"hadziju-zahvalnost-americkom-kongresu-za-prokosovsku-rezoluciju-u-nato","status":"publish","type":"post","link":"https:\/\/prizrenpost.com\/ba\/hadziju-zahvalnost-americkom-kongresu-za-prokosovsku-rezoluciju-u-nato\/","title":{"rendered":"Had\u017eiju: Zahvalnost ameri\u010dkom Kongresu za prokosovsku rezoluciju u NATO"},"content":{"rendered":"<p><img decoding=\"async\" src=\"https:\/\/prizrenpost.com\/ba\/wp-content\/uploads\/Haxhiu-5.jpg\" style=\"width:100%;height:auto;margin-bottom:20px\"><\/p>\n<p>Vd predsednika Republike Kosovo, Albulena Had\u017eiju, pozdravila je predstavljanje rezolucije u Kongresu Sjedinjenih Ameri\u010dkih Dr\u017eava, kojom se podr\u017eava \u010dlanstvo Kosova u NATO-u.<\/p>\n<p>U svom reagovanju istakla je zna\u010daj ove inicijative i izrazila zahvalnost kongresmenima Keithu Selfu, Mikeu Louleru, kao i njenu stalnu podr\u0161ku lideru Kosova, kao i njenu kontinuiranu podr\u0161ku lideru Toresu. na evroatlantski na\u010din.<\/p>\n<p>&#8220;Hvala predstavnicima Keith Self, Ritchie Torres i Mike Lawler na njihovom vodstvu i na kontinuiranoj podr\u0161ci Kosovu da zauzme mjesto koje mu pripada u evroatlantskoj porodici&#8221;, izjavio je Haxhiu.<\/p>\n<p>Podsje\u0107amo da je rezolucija predstavljena u Predstavni\u010dkom domu ameri\u010dkog Kongresa, koju su u Kongresu SAD, Ritchie Torres i Mike Lawler sna\u017eno predstavili od strane Kongresa Ritcha Selfa, Mikea Lawlera. podr\u017eava \u010dlanstvo Kosova u NATO. U dokumentu se ocenjuje demokratski sistem i stabilnost Kosova, nagla\u0161avaju\u0107i njegov strate\u0161ki zna\u010daj u regionu.<\/p>\n<p>U rezoluciji se navodi da bi \u010dlanstvo Kosova pomoglo ja\u010danju bezbednosti u jugoisto\u010dnoj Evropi i obuzdalo destabilizuju\u0107e uticaje. Tako\u0111e, isti\u010de se da nedostatak priznanja od strane nekih zemalja \u010dlanica NATO-a ostaje prepreka njegovom integracijskom procesu.<\/p>\n<p>&#8220;Kosovo je pokazalo posve\u0107enost regionalnoj stabilnosti i pribli\u017eavanju NATO dr\u017eavama, ali njegov napredak ko\u010di nepriznavanje od strane nekih saveznika&#8221;, va\u017eno je dodavanje Kosova u dogovor o savezu sa Evropom uticaja na savezni\u0161tvo. Kongresmen Keith Self.\/teve1<\/p>\n<p>Koristimo kola\u010di\u0107e za pobolj\u0161anje iskustva i prikaz oglasa (Google AdSense).<br \/>\n          Klikom na &#8220;Prihvati&#8221;, pristajete na kori\u0161tenje kola\u010di\u0107a u skladu sa<br \/>\n          Politika privatnosti<br \/>\n          i<br \/>\n          Politika kola\u010di\u0107a.<br \/>\n          Nepotrebne kola\u010di\u0107e mo\u017eete odbiti klikom na &#8220;Odbij&#8221;.<\/p>\n<hr style=\"margin:30px 0\">\n<p style=\"font-size:13px;color:#666\">Izvor: <strong>prizrenpost<\/strong><\/p>\n","protected":false},"excerpt":{"rendered":"<p>Vd predsednika Republike Kosovo, Albulena Had\u017eiju, pozdravila je predstavljanje rezolucije u Kongresu Sjedinjenih Ameri\u010dkih Dr\u017eava, kojom se podr\u017eava \u010dlanstvo Kosova u NATO-u. U svom reagovanju istakla je zna\u010daj ove inicijative i izrazila zahvalnost kongresmenima Keithu Selfu, Mikeu Louleru, kao i njenu stalnu podr\u0161ku lideru Kosova, kao i njenu kontinuiranu podr\u0161ku lideru Toresu. na evroatlantski na\u010din. [&hellip;]<\/p>\n","protected":false},"author":1,"featured_media":32025,"comment_status":"open","ping_status":"open","sticky":false,"template":"","format":"standard","meta":{"footnotes":""},"categories":[14],"tags":[456],"class_list":["post-32024","post","type-post","status-publish","format-standard","has-post-thumbnail","hentry","category-nacionalne","tag-aktualnost"],"views":5,"_links":{"self":[{"href":"https:\/\/prizrenpost.com\/ba\/wp-json\/wp\/v2\/posts\/32024","targetHints":{"allow":["GET"]}}],"collection":[{"href":"https:\/\/prizrenpost.com\/ba\/wp-json\/wp\/v2\/posts"}],"about":[{"href":"https:\/\/prizrenpost.com\/ba\/wp-json\/wp\/v2\/types\/post"}],"author":[{"embeddable":true,"href":"https:\/\/prizrenpost.com\/ba\/wp-json\/wp\/v2\/users\/1"}],"replies":[{"embeddable":true,"href":"https:\/\/prizrenpost.com\/ba\/wp-json\/wp\/v2\/comments?post=32024"}],"version-history":[{"count":1,"href":"https:\/\/prizrenpost.com\/ba\/wp-json\/wp\/v2\/posts\/32024\/revisions"}],"predecessor-version":[{"id":32026,"href":"https:\/\/prizrenpost.com\/ba\/wp-json\/wp\/v2\/posts\/32024\/revisions\/32026"}],"wp:featuredmedia":[{"embeddable":true,"href":"https:\/\/prizrenpost.com\/ba\/wp-json\/wp\/v2\/media\/32025"}],"wp:attachment":[{"href":"https:\/\/prizrenpost.com\/ba\/wp-json\/wp\/v2\/media?parent=32024"}],"wp:term":[{"taxonomy":"category","embeddable":true,"href":"https:\/\/prizrenpost.com\/ba\/wp-json\/wp\/v2\/categories?post=32024"},{"taxonomy":"post_tag","embeddable":true,"href":"https:\/\/prizrenpost.com\/ba\/wp-json\/wp\/v2\/tags?post=32024"}],"curies":[{"name":"wp","href":"https:\/\/api.w.org\/{rel}","templated":true}]}}