{"id":32031,"date":"2026-05-01T15:20:35","date_gmt":"2026-05-01T13:20:35","guid":{"rendered":"https:\/\/prizrenpost.com\/ba\/libanski-premijer-obecava-da-ce-ponovo-preuzeti-svaki-centimetar-okupirane-zemlje-i-potaknuti-ekonomski-oporavak-2\/"},"modified":"2026-05-01T15:20:37","modified_gmt":"2026-05-01T13:20:37","slug":"libanski-premijer-obecava-da-ce-ponovo-preuzeti-svaki-centimetar-okupirane-zemlje-i-potaknuti-ekonomski-oporavak-2","status":"publish","type":"post","link":"https:\/\/prizrenpost.com\/ba\/libanski-premijer-obecava-da-ce-ponovo-preuzeti-svaki-centimetar-okupirane-zemlje-i-potaknuti-ekonomski-oporavak-2\/","title":{"rendered":"Libanski premijer obe\u0107ava da \u0107e ponovo preuzeti &#8220;svaki centimetar&#8221; okupirane zemlje i potaknuti ekonomski oporavak"},"content":{"rendered":"<p><img decoding=\"async\" src=\"https:\/\/prizrenpost.com\/ba\/wp-content\/uploads\/thumbs_b_c_9dd3b618bddb96f85a839c88f98cd63e.jpg\" style=\"width:100%;height:auto;margin-bottom:20px\"><\/p>\n<p>Libanski premijer Nawaf Salam obe\u0107ao je u petak da \u0107e ponovo preuzeti &#8220;svaki centimetar&#8221; okupirane teritorije i unaprijediti napore za ekonomski oporavak, prenosi Anadolu.<\/p>\n<p>U saop\u0107enju koje je ured libanskog premijera objavio na platformi ameri\u010dke dru\u0161tvene medijske kompanije X, Salam se u poruci povodom obilje\u017eavanja Praznika rada obratio te\u0161kim radnicima \u0161irom Lewona. od njih usred produ\u017eene ekonomske krize.<\/p>\n<p>\u201cRazumijem opseg patnje koju mnogi od vas do\u017eivljavaju, od gubitka posla i pada kupovne mo\u0107i do svakodnevnih pritisaka koji vas te\u0161ko optere\u0107uju,\u201d rekao je on.<\/p>\n<p>Salam je obe\u0107ao da \u0107e vlada nastaviti raditi na pobolj\u0161anju uslova \u017eivota, povratku zemlje.<\/p>\n<p>krenut \u0107emo naprijed. nastavite sa ozbiljnim radom na pobolj\u0161anju va\u0161ih \u017eivotnih uslova, vra\u0107anju svakog pedalj na\u0161e okupirane zemlje i unapre\u0111enju reformskih napora i ekonomskog oporavka&#8221;, rekao je on.<\/p>\n<p>Od 2019. godine, Liban je do\u017eivio finansijski kolaps koji Svjetska banka opisuje kao jedan od najgorih u modernoj istoriji. Libanonska funta izgubila je vi\u0161e od 98 posto svoje vrijednosti, oslabiv\u0161i sa oko 1.500 na oko 90.000 za dolar.<\/p>\n<p>Salam je dodao da vlada ima za cilj da stvori nova radna mjesta, obnovi stabilnost i stavi zemlju na put &#8220;pravog oporavka&#8221;.<\/p>\n<p>Libanonska ekonomska kriza se pogor\u0161ala nedavnom ekonomskom krizom i produbili su se izraelska kriza. Organizacija za hranu i poljoprivredu i Svjetski program za hranu u srijedu su objavili da se o\u010dekuje da \u0107e se oko 1,24 miliona ljudi \u2013 gotovo svaki \u010detvrti \u2013 suo\u010diti s akutnom nesigurno\u0161\u0107u hrane na kriznim nivoima izme\u0111u aprila i avgusta 2026.<\/p>\n<p>U izvje\u0161taju se navodi da su sve ve\u0107e nasilje i raseljavanje od po\u010detka marta podstaklo pogor\u0161anje uvjeta sigurnosti hrane u Izraelu. vodi ofanzivu u Libanu od 2. marta, ubiv\u0161i skoro 2.600 ljudi i raseliv\u0161i preko milion drugih.<\/p>\n<p>Desetodnevni prekid vatre koji je po\u010deo 17. aprila kasnije je produ\u017een do 17. maja, ali Izrael nastavlja da ga svakodnevno kr\u0161i vazdu\u0161nim napadima i ru\u0161enjem ku\u0107a. takozvana &#8220;\u017euta linija&#8221; ju\u017eno od rijeke Litani, idealizirane granice koja definira podru\u010dje koje se prote\u017ee do granice kao &#8220;sigurnosnu tampon zonu&#8221;, u potezu koji podsje\u0107a na model Gaze.<\/p>\n<p>Izrael ka\u017ee da je ta zona namijenjena spre\u010davanju povratka raseljenih stanovnika i da je ciljana bilo kakva oru\u017eana aktivnost koja nije predmet me\u0111unarodnog sporazuma, klasificiraju\u0107i je kao zonu &#8220;kombinacije&#8221;. primirje.<\/p>\n<p>Koristimo kola\u010di\u0107e za pobolj\u0161anje iskustva i za prikaz oglasa (Google AdSense).<br \/>\n          Klikom na &#8220;Prihvati&#8221;, pristajete na kori\u0161tenje kola\u010di\u0107a u skladu sa<br \/>\n          Politika privatnosti<br \/>\n          i<br \/>\n          Politika kola\u010di\u0107a.<br \/>\n          Nepotrebne kola\u010di\u0107e mo\u017eete odbiti klikom na &#8220;Odbij&#8221;.<\/p>\n<hr style=\"margin:30px 0\">\n<p style=\"font-size:13px;color:#666\">Izvor: <strong>prizrenpost<\/strong><\/p>\n","protected":false},"excerpt":{"rendered":"<p>Libanski premijer Nawaf Salam obe\u0107ao je u petak da \u0107e ponovo preuzeti &#8220;svaki centimetar&#8221; okupirane teritorije i unaprijediti napore za ekonomski oporavak, prenosi Anadolu. U saop\u0107enju koje je ured libanskog premijera objavio na platformi ameri\u010dke dru\u0161tvene medijske kompanije X, Salam se u poruci povodom obilje\u017eavanja Praznika rada obratio te\u0161kim radnicima \u0161irom Lewona. od njih usred [&hellip;]<\/p>\n","protected":false},"author":1,"featured_media":32032,"comment_status":"open","ping_status":"open","sticky":false,"template":"","format":"standard","meta":{"footnotes":""},"categories":[24],"tags":[456],"class_list":["post-32031","post","type-post","status-publish","format-standard","has-post-thumbnail","hentry","category-svijet","tag-aktualnost"],"views":10,"_links":{"self":[{"href":"https:\/\/prizrenpost.com\/ba\/wp-json\/wp\/v2\/posts\/32031","targetHints":{"allow":["GET"]}}],"collection":[{"href":"https:\/\/prizrenpost.com\/ba\/wp-json\/wp\/v2\/posts"}],"about":[{"href":"https:\/\/prizrenpost.com\/ba\/wp-json\/wp\/v2\/types\/post"}],"author":[{"embeddable":true,"href":"https:\/\/prizrenpost.com\/ba\/wp-json\/wp\/v2\/users\/1"}],"replies":[{"embeddable":true,"href":"https:\/\/prizrenpost.com\/ba\/wp-json\/wp\/v2\/comments?post=32031"}],"version-history":[{"count":1,"href":"https:\/\/prizrenpost.com\/ba\/wp-json\/wp\/v2\/posts\/32031\/revisions"}],"predecessor-version":[{"id":32033,"href":"https:\/\/prizrenpost.com\/ba\/wp-json\/wp\/v2\/posts\/32031\/revisions\/32033"}],"wp:featuredmedia":[{"embeddable":true,"href":"https:\/\/prizrenpost.com\/ba\/wp-json\/wp\/v2\/media\/32032"}],"wp:attachment":[{"href":"https:\/\/prizrenpost.com\/ba\/wp-json\/wp\/v2\/media?parent=32031"}],"wp:term":[{"taxonomy":"category","embeddable":true,"href":"https:\/\/prizrenpost.com\/ba\/wp-json\/wp\/v2\/categories?post=32031"},{"taxonomy":"post_tag","embeddable":true,"href":"https:\/\/prizrenpost.com\/ba\/wp-json\/wp\/v2\/tags?post=32031"}],"curies":[{"name":"wp","href":"https:\/\/api.w.org\/{rel}","templated":true}]}}