{"id":32040,"date":"2026-05-01T15:25:33","date_gmt":"2026-05-01T13:25:33","guid":{"rendered":"https:\/\/prizrenpost.com\/ba\/hladan-tus-iz-brisela-madjar-je-ponovio-orbanove-zahtjeve\/"},"modified":"2026-05-01T15:25:34","modified_gmt":"2026-05-01T13:25:34","slug":"hladan-tus-iz-brisela-madjar-je-ponovio-orbanove-zahtjeve","status":"publish","type":"post","link":"https:\/\/prizrenpost.com\/ba\/hladan-tus-iz-brisela-madjar-je-ponovio-orbanove-zahtjeve\/","title":{"rendered":"Hladan tu\u0161 iz Brisela: Ma\u0111ar je ponovio Orbanove zahtjeve"},"content":{"rendered":"<p><img decoding=\"async\" src=\"https:\/\/prizrenpost.com\/ba\/wp-content\/uploads\/peter-magyar-imago-pixsell-maj26.jpg\" style=\"width:100%;height:auto;margin-bottom:20px\"><\/p>\n<p>Jezik koji jo\u0161 uvijek nema kod EU i Ma\u0111arske, po cijeni od deset milijardi eura<\/p>\n<p>Novoizabrani ma\u0111arski premijer Peter Magyar izjavio je u Briselu da ne\u0107e podr\u017eati otvaranje pristupnih pregovora Ukrajine s Evropskom unijom bez dodatnih garancija za prava ma\u0111arske manjine.<\/p>\n<p>Kako je prenio Bloomberg, Magyar je tokom sastanka s predsjednikom Evropskog vije\u0107a Antoniom Kostom iznio uvjete koji u velikoj mjeri podsje\u0107aju na biv\u0161eg premijera Viktora Orbana. Rije\u010d je o ukupno 11 mjera koje se odnose na ja\u010danje kulturnih, obrazovnih i administrativnih prava Ma\u0111ara u Ukrajini.<\/p>\n<p>Razgovori su se odvijali iza zatvorenih vrata i, iako su ih Ma\u0111ari opisali kao &#8220;korisne i konstruktivne&#8221;, izvori ka\u017eu da je atmosfera bila suzdr\u017eana. Ne\u0161to otvoreniji ton je ranije zabilje\u017een tokom njegovog sastanka s predsjednicom Evropske komisije Ursulom von der Leyen.<\/p>\n<p>Ovaj stav bi mogao biti razo\u010daranje za Kijev i Brisel, s obzirom da su mnogi o\u010dekivali da \u0107e Orbanov odlazak ukloniti klju\u010dnu prepreku napretku Ukrajine ka \u010dlanstvu u EU. Orban je godinama blokirao proces, tvrde\u0107i da prava ma\u0111arske manjine nisu dovoljno za\u0161ti\u0107ena.<\/p>\n<p>Ukrajinski predsjednik Volodimir Zelenski rekao je da je spreman razgovarati s Ma\u0111arima, isti\u010du\u0107i da Ukrajina radi na pobolj\u0161anju prava svih svojih gra\u0111ana, uklju\u010duju\u0107i i ma\u0111arsku manjinu. Ma\u0111ari su najavili da se planiraju sastati sa Zelenskim u junu, isti\u010du\u0107i da mu je prioritet pobolj\u0161anje polo\u017eaja Ma\u0111ara u Zakarpatskoj regiji i o\u010duvanje njihovog identiteta.<\/p>\n<p>Tokom svog boravka u Briselu, pokrenuo je i pitanje otklju\u010davanja oko deset milijardi eura iz fondova EU, koji su Ma\u0111arskoj zamrznuti zbog vladavine zakona i korupcije zbog zabrinutosti oko vladavine zakona i korupcije. najnovije.<\/p>\n<p>U me\u0111uvremenu, ve\u0107ina dr\u017eava \u010dlanica EU \u017eeli ubrzati proces pro\u0161irenja i poduzeti konkretne korake ka \u010dlanstvu Ukrajine u narednim sedmicama, ali ostaje neizvjesno ho\u0107e li za to postojati jednoglasna politi\u010dka podr\u0161ka. \/tesheshi<\/p>\n<p>Koristimo kola\u010di\u0107e za pobolj\u0161anje iskustva i za prikaz oglasa (Google AdSense).<br \/>\n          Klikom na &#8220;Prihvati&#8221;, pristajete na kori\u0161tenje kola\u010di\u0107a u skladu sa<br \/>\n          Politika privatnosti<br \/>\n          i<br \/>\n          Politika kola\u010di\u0107a.<br \/>\n          Nepotrebne kola\u010di\u0107e mo\u017eete odbiti klikom na &#8220;Odbij&#8221;.<\/p>\n<hr style=\"margin:30px 0\">\n<p style=\"font-size:13px;color:#666\">Izvor: <strong>prizrenpost<\/strong><\/p>\n","protected":false},"excerpt":{"rendered":"<p>Jezik koji jo\u0161 uvijek nema kod EU i Ma\u0111arske, po cijeni od deset milijardi eura Novoizabrani ma\u0111arski premijer Peter Magyar izjavio je u Briselu da ne\u0107e podr\u017eati otvaranje pristupnih pregovora Ukrajine s Evropskom unijom bez dodatnih garancija za prava ma\u0111arske manjine. Kako je prenio Bloomberg, Magyar je tokom sastanka s predsjednikom Evropskog vije\u0107a Antoniom Kostom [&hellip;]<\/p>\n","protected":false},"author":1,"featured_media":32041,"comment_status":"open","ping_status":"open","sticky":false,"template":"","format":"standard","meta":{"footnotes":""},"categories":[24],"tags":[456],"class_list":["post-32040","post","type-post","status-publish","format-standard","has-post-thumbnail","hentry","category-svijet","tag-aktualnost"],"views":8,"_links":{"self":[{"href":"https:\/\/prizrenpost.com\/ba\/wp-json\/wp\/v2\/posts\/32040","targetHints":{"allow":["GET"]}}],"collection":[{"href":"https:\/\/prizrenpost.com\/ba\/wp-json\/wp\/v2\/posts"}],"about":[{"href":"https:\/\/prizrenpost.com\/ba\/wp-json\/wp\/v2\/types\/post"}],"author":[{"embeddable":true,"href":"https:\/\/prizrenpost.com\/ba\/wp-json\/wp\/v2\/users\/1"}],"replies":[{"embeddable":true,"href":"https:\/\/prizrenpost.com\/ba\/wp-json\/wp\/v2\/comments?post=32040"}],"version-history":[{"count":1,"href":"https:\/\/prizrenpost.com\/ba\/wp-json\/wp\/v2\/posts\/32040\/revisions"}],"predecessor-version":[{"id":32042,"href":"https:\/\/prizrenpost.com\/ba\/wp-json\/wp\/v2\/posts\/32040\/revisions\/32042"}],"wp:featuredmedia":[{"embeddable":true,"href":"https:\/\/prizrenpost.com\/ba\/wp-json\/wp\/v2\/media\/32041"}],"wp:attachment":[{"href":"https:\/\/prizrenpost.com\/ba\/wp-json\/wp\/v2\/media?parent=32040"}],"wp:term":[{"taxonomy":"category","embeddable":true,"href":"https:\/\/prizrenpost.com\/ba\/wp-json\/wp\/v2\/categories?post=32040"},{"taxonomy":"post_tag","embeddable":true,"href":"https:\/\/prizrenpost.com\/ba\/wp-json\/wp\/v2\/tags?post=32040"}],"curies":[{"name":"wp","href":"https:\/\/api.w.org\/{rel}","templated":true}]}}