{"id":32043,"date":"2026-05-01T15:45:35","date_gmt":"2026-05-01T13:45:35","guid":{"rendered":"https:\/\/prizrenpost.com\/ba\/aktivisti-flotile-pomoci-u-gazi-poslani-na-krit-nakon-izraelske-intervencije\/"},"modified":"2026-05-01T15:45:36","modified_gmt":"2026-05-01T13:45:36","slug":"aktivisti-flotile-pomoci-u-gazi-poslani-na-krit-nakon-izraelske-intervencije","status":"publish","type":"post","link":"https:\/\/prizrenpost.com\/ba\/aktivisti-flotile-pomoci-u-gazi-poslani-na-krit-nakon-izraelske-intervencije\/","title":{"rendered":"Aktivisti flotile pomo\u0107i u Gazi poslani na Krit nakon izraelske intervencije"},"content":{"rendered":"<p><img decoding=\"async\" src=\"https:\/\/prizrenpost.com\/ba\/wp-content\/uploads\/35919788-614c-4672-b594-7fc800fac220.jpg\" style=\"width:100%;height:auto;margin-bottom:20px\"><\/p>\n<p>Vi\u0161e od 100 propalestinskih aktivista koji su bili na brodu pomo\u0107i koji je i\u0161ao za Gazu poslano je u petak na gr\u010dko ostrvo Krit nakon \u0161to su izraelske snage zaustavile svoju flotilu u me\u0111unarodnim vodama u blizini Gr\u010dke.<\/p>\n<p>Aktivisti su bili dio druge flotile koju su organizirali me\u0111unarodni aktivisti koji podr\u017eavaju Palestinu. Njihova svrha je bila da dovedu humanitarnu pomo\u0107 u Gazu i prkose izraelskoj blokadi.<\/p>\n<p>Brodovi su napustili luku Barcelona u \u0160paniji 12. aprila.<\/p>\n<p>U petak je brod izraelske vojske prebacio 168 ljudi sa ovih brodova na gr\u010dke brodove.<\/p>\n<p>Potom su odvedeni, gdje su ih odvezli na obalu a Buwa i Crete am Crete. To su potvrdili organizatori ove misije i slike agencije Reuters.<\/p>\n<p>Prema organizatorima flote, dvojica aktivista ostala su u rukama izraelskih vlasti.<br \/>\nIzvor, koji je tra\u017eio da ostane anoniman, rekao je da je Izrael zadr\u017eao 22 broda, dok jo\u0161 47 nastavlja ploviti ju\u017eno od Krita i planira da pristane prije nego \u0161to nastavi za Gazu.<\/p>\n<p>Svaki brod nosi oko tone hrane, medicinske opreme i druge pomo\u0107i.<br \/>\nOrganizatori su rekli da je Izrael zaplijenio 22 broda kasno u srijedu u me\u0111unarodnim vodama kod gr\u010dkog poluotoka Peloponeza, stotinama milja od Gaze.<\/p>\n<p>Izraelsko ministarstvo vanjskih poslova nazvalo je organizatore &#8220;profesionalnim provokatorima&#8221;, dok su ministarstva vanjskih poslova Njema\u010dke i Italije izjavila da prate situaciju u kojoj se nalazi duboka zabrinutost,<\/p>\n<p>Thurs. Ameri\u010dki State Department upozorio je da bi moglo biti posljedica za one koji podr\u017eavaju float, nazivaju\u0107i ga pro-Hamasom.<\/p>\n<p>Propalestinski aktivisti osporavaju ovaj stav, govore\u0107i da se njihova podr\u0161ka palestinskim pravima nepravedno mije\u0161a s podr\u0161kom Hamasu.<\/p>\n<p>Pro\u0161log oktobra, izraelska vojska je uhapsila prethodnu istu grupu Thfloberg, a jo\u0161 vi\u0161e od strane izraelske vojske, koja je organizirala istu grupu Thflonberg. vi\u0161e od 450 u\u010desnika.<\/p>\n<p>U me\u0111uvremenu, Palestinci i me\u0111unarodne humanitarne organizacije ka\u017eu da su zalihe koje sti\u017eu do Gaze i dalje nedovoljne, unato\u010d primirju postignutom u oktobru koji je omogu\u0107io dodatnu pomo\u0107.<\/p>\n<p>Koristimo kola\u010di\u0107e za pobolj\u0161anje iskustva i prikazivanje oglasa (Google AdSense).<br \/>\n          Klikom na &#8220;Prihvati&#8221;, pristajete na kori\u0161tenje kola\u010di\u0107a u skladu sa<br \/>\n          Politika privatnosti<br \/>\n          i<br \/>\n          Politika kola\u010di\u0107a.<br \/>\n          Nepotrebne kola\u010di\u0107e mo\u017eete odbiti klikom na &#8220;Odbij&#8221;.<\/p>\n<hr style=\"margin:30px 0\">\n<p style=\"font-size:13px;color:#666\">Izvor: <strong>prizrenpost<\/strong><\/p>\n","protected":false},"excerpt":{"rendered":"<p>Vi\u0161e od 100 propalestinskih aktivista koji su bili na brodu pomo\u0107i koji je i\u0161ao za Gazu poslano je u petak na gr\u010dko ostrvo Krit nakon \u0161to su izraelske snage zaustavile svoju flotilu u me\u0111unarodnim vodama u blizini Gr\u010dke. Aktivisti su bili dio druge flotile koju su organizirali me\u0111unarodni aktivisti koji podr\u017eavaju Palestinu. Njihova svrha je [&hellip;]<\/p>\n","protected":false},"author":1,"featured_media":32044,"comment_status":"open","ping_status":"open","sticky":false,"template":"","format":"standard","meta":{"footnotes":""},"categories":[24],"tags":[456],"class_list":["post-32043","post","type-post","status-publish","format-standard","has-post-thumbnail","hentry","category-svijet","tag-aktualnost"],"views":9,"_links":{"self":[{"href":"https:\/\/prizrenpost.com\/ba\/wp-json\/wp\/v2\/posts\/32043","targetHints":{"allow":["GET"]}}],"collection":[{"href":"https:\/\/prizrenpost.com\/ba\/wp-json\/wp\/v2\/posts"}],"about":[{"href":"https:\/\/prizrenpost.com\/ba\/wp-json\/wp\/v2\/types\/post"}],"author":[{"embeddable":true,"href":"https:\/\/prizrenpost.com\/ba\/wp-json\/wp\/v2\/users\/1"}],"replies":[{"embeddable":true,"href":"https:\/\/prizrenpost.com\/ba\/wp-json\/wp\/v2\/comments?post=32043"}],"version-history":[{"count":1,"href":"https:\/\/prizrenpost.com\/ba\/wp-json\/wp\/v2\/posts\/32043\/revisions"}],"predecessor-version":[{"id":32045,"href":"https:\/\/prizrenpost.com\/ba\/wp-json\/wp\/v2\/posts\/32043\/revisions\/32045"}],"wp:featuredmedia":[{"embeddable":true,"href":"https:\/\/prizrenpost.com\/ba\/wp-json\/wp\/v2\/media\/32044"}],"wp:attachment":[{"href":"https:\/\/prizrenpost.com\/ba\/wp-json\/wp\/v2\/media?parent=32043"}],"wp:term":[{"taxonomy":"category","embeddable":true,"href":"https:\/\/prizrenpost.com\/ba\/wp-json\/wp\/v2\/categories?post=32043"},{"taxonomy":"post_tag","embeddable":true,"href":"https:\/\/prizrenpost.com\/ba\/wp-json\/wp\/v2\/tags?post=32043"}],"curies":[{"name":"wp","href":"https:\/\/api.w.org\/{rel}","templated":true}]}}