{"id":32049,"date":"2026-05-01T16:25:31","date_gmt":"2026-05-01T14:25:31","guid":{"rendered":"https:\/\/prizrenpost.com\/ba\/zlocinac-mladic-trazi-hitno-pustanje-na-slobodu-jer-je-pri-kraju-zivota\/"},"modified":"2026-05-01T16:25:31","modified_gmt":"2026-05-01T14:25:31","slug":"zlocinac-mladic-trazi-hitno-pustanje-na-slobodu-jer-je-pri-kraju-zivota","status":"publish","type":"post","link":"https:\/\/prizrenpost.com\/ba\/zlocinac-mladic-trazi-hitno-pustanje-na-slobodu-jer-je-pri-kraju-zivota\/","title":{"rendered":"Zlo\u010dinac Mladi\u0107 tra\u017ei hitno pu\u0161tanje na slobodu jer je &#8220;pri kraju \u017eivota&#8221;"},"content":{"rendered":"<p><img decoding=\"async\" src=\"https:\/\/prizrenpost.com\/ba\/wp-content\/uploads\/Ratko-Mladiq.jpg\" style=\"width:100%;height:auto;margin-bottom:20px\"><\/p>\n<p>Odbrana zlo\u010dinca Ratka Mladi\u0107a zatra\u017eila je od suda u Hagu da odmah bude pu\u0161ten uz kauciju ili prijevremeno pu\u0161tanje na slobodu, iz humanitarnih razloga, uz obrazlo\u017eenje da boluje od neizlje\u010dive bolesti i da se bli\u017ei smrti.<\/p>\n<p>U zahtjevu koji je podnijet u \u010detvrtak, 30. aprila, odbrana je istakla da je zdravstveno iskustvo Mladi\u0107a u aprilu ozbiljnom zdravstvenom krizom. &#8220;pri kraju je \u017eivota, javio je Danas.<\/p>\n<p>U zahtjevu se navodi da Mladi\u0107 boluje od sr\u010danih bolesti i otkazivanja bubrega, dijabetesa i da je imao mo\u017edani udar. Navodi se i da ne mo\u017ee komunicirati, zbog \u010dega, prema odbrani, mora biti stalno pod ljekarskom negom.<\/p>\n<p>Sud \u0107e prihvatiti izvje\u0161taje sa ljekarskog pregleda i odlu\u010diti da li su u julu ispunjeni uslovi za prijevremeno pu\u0161tanje Mladipa na slobodu. ove 2025. godine ratnom zlo\u010dincu Ratku Mladi\u0107u odbijen je jo\u0161 jedan zahtjev za prijevremeno pu\u0161tanje na slobodu. Odluku je donio Mehanizam me\u0111unarodnih krivi\u010dnih sudova.<\/p>\n<p>Zlo\u010dinac Mladi\u0107 je osu\u0111en na do\u017eivotnu kaznu zatvora zbog genocida, zlo\u010dina protiv \u010dovje\u010dnosti i kr\u0161enja zakona ratovanja po\u010dinjenih tokom rata u Bosni i Hercegovini.&lt;\/p11120 uhap\u0161en je u Mlai 2025. godine. osu\u0111en je pred Me\u0111unarodnim sudom za biv\u0161u Jugoslaviju, a presuda protiv njega potvr\u0111ena je 2021. U pritvorskoj jedinici Ujedinjenih naroda u Hagu je ve\u0107 15 godina.<\/p>\n<p>Koristimo kola\u010di\u0107e za pobolj\u0161anje iskustva i prikazivanje oglasa (Google AdSense).<br \/>\n          Klikom na &#8220;Prihvati&#8221;, pristajete na kori\u0161tenje kola\u010di\u0107a u skladu sa<br \/>\n          Politika privatnosti<br \/>\n          i<br \/>\n          Politika kola\u010di\u0107a.<br \/>\n          Nepotrebne kola\u010di\u0107e mo\u017eete odbiti klikom na &#8220;Odbij&#8221;.<\/p>\n<hr style=\"margin:30px 0\">\n<p style=\"font-size:13px;color:#666\">Izvor: <strong>prizrenpost<\/strong><\/p>\n","protected":false},"excerpt":{"rendered":"<p>Odbrana zlo\u010dinca Ratka Mladi\u0107a zatra\u017eila je od suda u Hagu da odmah bude pu\u0161ten uz kauciju ili prijevremeno pu\u0161tanje na slobodu, iz humanitarnih razloga, uz obrazlo\u017eenje da boluje od neizlje\u010dive bolesti i da se bli\u017ei smrti. U zahtjevu koji je podnijet u \u010detvrtak, 30. aprila, odbrana je istakla da je zdravstveno iskustvo Mladi\u0107a u aprilu [&hellip;]<\/p>\n","protected":false},"author":1,"featured_media":32050,"comment_status":"open","ping_status":"open","sticky":false,"template":"","format":"standard","meta":{"footnotes":""},"categories":[24],"tags":[456],"class_list":["post-32049","post","type-post","status-publish","format-standard","has-post-thumbnail","hentry","category-svijet","tag-aktualnost"],"views":7,"_links":{"self":[{"href":"https:\/\/prizrenpost.com\/ba\/wp-json\/wp\/v2\/posts\/32049","targetHints":{"allow":["GET"]}}],"collection":[{"href":"https:\/\/prizrenpost.com\/ba\/wp-json\/wp\/v2\/posts"}],"about":[{"href":"https:\/\/prizrenpost.com\/ba\/wp-json\/wp\/v2\/types\/post"}],"author":[{"embeddable":true,"href":"https:\/\/prizrenpost.com\/ba\/wp-json\/wp\/v2\/users\/1"}],"replies":[{"embeddable":true,"href":"https:\/\/prizrenpost.com\/ba\/wp-json\/wp\/v2\/comments?post=32049"}],"version-history":[{"count":1,"href":"https:\/\/prizrenpost.com\/ba\/wp-json\/wp\/v2\/posts\/32049\/revisions"}],"predecessor-version":[{"id":32051,"href":"https:\/\/prizrenpost.com\/ba\/wp-json\/wp\/v2\/posts\/32049\/revisions\/32051"}],"wp:featuredmedia":[{"embeddable":true,"href":"https:\/\/prizrenpost.com\/ba\/wp-json\/wp\/v2\/media\/32050"}],"wp:attachment":[{"href":"https:\/\/prizrenpost.com\/ba\/wp-json\/wp\/v2\/media?parent=32049"}],"wp:term":[{"taxonomy":"category","embeddable":true,"href":"https:\/\/prizrenpost.com\/ba\/wp-json\/wp\/v2\/categories?post=32049"},{"taxonomy":"post_tag","embeddable":true,"href":"https:\/\/prizrenpost.com\/ba\/wp-json\/wp\/v2\/tags?post=32049"}],"curies":[{"name":"wp","href":"https:\/\/api.w.org\/{rel}","templated":true}]}}