{"id":32061,"date":"2026-05-01T18:20:33","date_gmt":"2026-05-01T16:20:33","guid":{"rendered":"https:\/\/prizrenpost.com\/ba\/ocekuje-se-da-ce-se-turski-drzavljani-u-humanitarnoj-flotili-za-gazu-vratiti-u-tursku-specijalnim-letom\/"},"modified":"2026-05-01T18:20:33","modified_gmt":"2026-05-01T16:20:33","slug":"ocekuje-se-da-ce-se-turski-drzavljani-u-humanitarnoj-flotili-za-gazu-vratiti-u-tursku-specijalnim-letom","status":"publish","type":"post","link":"https:\/\/prizrenpost.com\/ba\/ocekuje-se-da-ce-se-turski-drzavljani-u-humanitarnoj-flotili-za-gazu-vratiti-u-tursku-specijalnim-letom\/","title":{"rendered":"O\u010dekuje se da \u0107e se turski dr\u017eavljani u humanitarnoj flotili za Gazu vratiti u Tursku specijalnim letom"},"content":{"rendered":"<p>O\u010dekuje se da \u0107e se turski dr\u017eavljani i drugi aktivisti razli\u010ditih nacionalnosti koji su se nalazili na plovilima humanitarne flotile Global Sumud za pomo\u0107 Gazi, koju je Izrael zaplijenio u me\u0111unarodnim vodama, vratiti u Tursku specijalnim letom, rekli su turski zvani\u010dnici, prenosi Anadolu. privedeni su sletjeli na Krit&#8221;, rekao je portparol turskog ministarstva vanjskih poslova Oncu Keceli na dru\u0161tvenoj medijskoj platformi X ameri\u010dke kompanije.<\/p>\n<p>&#8220;Na\u0161 ambasador u Atini i na\u0161e konzularno osoblje su prisutni na Kritu. O\u010dekuje se da \u0107e na\u0161i gra\u0111ani i neki sudionici drugih nacionalnosti danas biti dovedeni u Tursku \u010darter letom\u201d, dodao je.<\/p>\n<p>Koristimo kola\u010di\u0107e za pobolj\u0161anje iskustva i prikazivanje oglasa (Google AdSense).<br \/>\n          Klikom na &#8220;Prihvati&#8221;, pristajete na kori\u0161tenje kola\u010di\u0107a u skladu sa<br \/>\n          Politika privatnosti<br \/>\n          i<br \/>\n          Politika kola\u010di\u0107a.<br \/>\n          Nepotrebne kola\u010di\u0107e mo\u017eete odbiti klikom na &#8220;Odbij&#8221;.<\/p>\n<hr style=\"margin:30px 0\">\n<p style=\"font-size:13px;color:#666\">Izvor: <strong>prizrenpost<\/strong><\/p>\n","protected":false},"excerpt":{"rendered":"<p>O\u010dekuje se da \u0107e se turski dr\u017eavljani i drugi aktivisti razli\u010ditih nacionalnosti koji su se nalazili na plovilima humanitarne flotile Global Sumud za pomo\u0107 Gazi, koju je Izrael zaplijenio u me\u0111unarodnim vodama, vratiti u Tursku specijalnim letom, rekli su turski zvani\u010dnici, prenosi Anadolu. privedeni su sletjeli na Krit&#8221;, rekao je portparol turskog ministarstva vanjskih poslova [&hellip;]<\/p>\n","protected":false},"author":1,"featured_media":0,"comment_status":"open","ping_status":"open","sticky":false,"template":"","format":"standard","meta":{"footnotes":""},"categories":[24],"tags":[],"class_list":["post-32061","post","type-post","status-publish","format-standard","hentry","category-svijet"],"views":8,"_links":{"self":[{"href":"https:\/\/prizrenpost.com\/ba\/wp-json\/wp\/v2\/posts\/32061","targetHints":{"allow":["GET"]}}],"collection":[{"href":"https:\/\/prizrenpost.com\/ba\/wp-json\/wp\/v2\/posts"}],"about":[{"href":"https:\/\/prizrenpost.com\/ba\/wp-json\/wp\/v2\/types\/post"}],"author":[{"embeddable":true,"href":"https:\/\/prizrenpost.com\/ba\/wp-json\/wp\/v2\/users\/1"}],"replies":[{"embeddable":true,"href":"https:\/\/prizrenpost.com\/ba\/wp-json\/wp\/v2\/comments?post=32061"}],"version-history":[{"count":0,"href":"https:\/\/prizrenpost.com\/ba\/wp-json\/wp\/v2\/posts\/32061\/revisions"}],"wp:attachment":[{"href":"https:\/\/prizrenpost.com\/ba\/wp-json\/wp\/v2\/media?parent=32061"}],"wp:term":[{"taxonomy":"category","embeddable":true,"href":"https:\/\/prizrenpost.com\/ba\/wp-json\/wp\/v2\/categories?post=32061"},{"taxonomy":"post_tag","embeddable":true,"href":"https:\/\/prizrenpost.com\/ba\/wp-json\/wp\/v2\/tags?post=32061"}],"curies":[{"name":"wp","href":"https:\/\/api.w.org\/{rel}","templated":true}]}}