{"id":32062,"date":"2026-05-01T18:25:30","date_gmt":"2026-05-01T16:25:30","guid":{"rendered":"https:\/\/prizrenpost.com\/ba\/ministri-vanjskih-poslova-turske-i-irana-razgovaraju-telefonom\/"},"modified":"2026-05-01T18:25:30","modified_gmt":"2026-05-01T16:25:30","slug":"ministri-vanjskih-poslova-turske-i-irana-razgovaraju-telefonom","status":"publish","type":"post","link":"https:\/\/prizrenpost.com\/ba\/ministri-vanjskih-poslova-turske-i-irana-razgovaraju-telefonom\/","title":{"rendered":"Ministri vanjskih poslova Turske i Irana razgovaraju telefonom"},"content":{"rendered":"<p><img decoding=\"async\" src=\"https:\/\/prizrenpost.com\/ba\/wp-content\/uploads\/Ministrat-e-Jashtem-te-Turqise-dhe-Iranit-zhvillojne-bisede-telefonike.jpg\" style=\"width:100%;height:auto;margin-bottom:20px\"><\/p>\n<p>Turski ministar vanjskih poslova Hakan Fidan odr\u017eao je telefonski razgovor sa svojim iranskim kolegom Abbasom Araghchijem, prema diplomatskim izvorima, prenosi Anadolu.<\/p>\n<p>Dvojica ministara su razgovarala o najnovijim de\u0161avanjima u teku\u0107em pregovara\u010dkom procesu izme\u0111u Irana i SAD-a, dodali su izvori iz turskog ministarstva vanjskih poslova.<\/p>\n<p>Pakistansko-iranski rat u aprilu je izbio. 8 i potom omogu\u0107io mirovne pregovore u Islamabadu.<\/p>\n<p>Dok je prekid vatre na snazi, od tada su nastavljeni napori da se kona\u010dno okon\u010da sukob.<\/p>\n<p>Koristimo kola\u010di\u0107e za pobolj\u0161anje iskustva i prikazivanje oglasa (Google AdSense).<br \/>\n          Klikom na &#8220;Prihvati&#8221;, pristajete na kori\u0161tenje kola\u010di\u0107a u skladu sa<br \/>\n          Politika privatnosti<br \/>\n          i<br \/>\n          Politika kola\u010di\u0107a.<br \/>\n          Nepotrebne kola\u010di\u0107e mo\u017eete odbiti klikom na &#8220;Odbij&#8221;.<\/p>\n<hr style=\"margin:30px 0\">\n<p style=\"font-size:13px;color:#666\">Izvor: <strong>prizrenpost<\/strong><\/p>\n","protected":false},"excerpt":{"rendered":"<p>Turski ministar vanjskih poslova Hakan Fidan odr\u017eao je telefonski razgovor sa svojim iranskim kolegom Abbasom Araghchijem, prema diplomatskim izvorima, prenosi Anadolu. Dvojica ministara su razgovarala o najnovijim de\u0161avanjima u teku\u0107em pregovara\u010dkom procesu izme\u0111u Irana i SAD-a, dodali su izvori iz turskog ministarstva vanjskih poslova. Pakistansko-iranski rat u aprilu je izbio. 8 i potom omogu\u0107io mirovne [&hellip;]<\/p>\n","protected":false},"author":1,"featured_media":32063,"comment_status":"open","ping_status":"open","sticky":false,"template":"","format":"standard","meta":{"footnotes":""},"categories":[24],"tags":[456],"class_list":["post-32062","post","type-post","status-publish","format-standard","has-post-thumbnail","hentry","category-svijet","tag-aktualnost"],"views":9,"_links":{"self":[{"href":"https:\/\/prizrenpost.com\/ba\/wp-json\/wp\/v2\/posts\/32062","targetHints":{"allow":["GET"]}}],"collection":[{"href":"https:\/\/prizrenpost.com\/ba\/wp-json\/wp\/v2\/posts"}],"about":[{"href":"https:\/\/prizrenpost.com\/ba\/wp-json\/wp\/v2\/types\/post"}],"author":[{"embeddable":true,"href":"https:\/\/prizrenpost.com\/ba\/wp-json\/wp\/v2\/users\/1"}],"replies":[{"embeddable":true,"href":"https:\/\/prizrenpost.com\/ba\/wp-json\/wp\/v2\/comments?post=32062"}],"version-history":[{"count":1,"href":"https:\/\/prizrenpost.com\/ba\/wp-json\/wp\/v2\/posts\/32062\/revisions"}],"predecessor-version":[{"id":32064,"href":"https:\/\/prizrenpost.com\/ba\/wp-json\/wp\/v2\/posts\/32062\/revisions\/32064"}],"wp:featuredmedia":[{"embeddable":true,"href":"https:\/\/prizrenpost.com\/ba\/wp-json\/wp\/v2\/media\/32063"}],"wp:attachment":[{"href":"https:\/\/prizrenpost.com\/ba\/wp-json\/wp\/v2\/media?parent=32062"}],"wp:term":[{"taxonomy":"category","embeddable":true,"href":"https:\/\/prizrenpost.com\/ba\/wp-json\/wp\/v2\/categories?post=32062"},{"taxonomy":"post_tag","embeddable":true,"href":"https:\/\/prizrenpost.com\/ba\/wp-json\/wp\/v2\/tags?post=32062"}],"curies":[{"name":"wp","href":"https:\/\/api.w.org\/{rel}","templated":true}]}}