{"id":32083,"date":"2026-05-01T21:05:33","date_gmt":"2026-05-01T19:05:33","guid":{"rendered":"https:\/\/prizrenpost.com\/ba\/irski-premijer-osudjuje-izraelsko-zauzimanje-flotile-gaze-kao-neprihvatljivo\/"},"modified":"2026-05-01T21:05:34","modified_gmt":"2026-05-01T19:05:34","slug":"irski-premijer-osudjuje-izraelsko-zauzimanje-flotile-gaze-kao-neprihvatljivo","status":"publish","type":"post","link":"https:\/\/prizrenpost.com\/ba\/irski-premijer-osudjuje-izraelsko-zauzimanje-flotile-gaze-kao-neprihvatljivo\/","title":{"rendered":"Irski premijer osu\u0111uje izraelsko zauzimanje flotile Gaze kao &#8220;neprihvatljivo&#8221;"},"content":{"rendered":"<p><img decoding=\"async\" src=\"https:\/\/prizrenpost.com\/ba\/wp-content\/uploads\/Kryeministri-i-Irlandes-Micheal-Martin.jpg\" style=\"width:100%;height:auto;margin-bottom:20px\"><\/p>\n<p>Premijer Irske Michael Martin osudio je Izrael zbog zapljene brodova humanitarne flotile koji su se uputili ka Gazi u me\u0111unarodnim vodama, nazvav\u0161i tu akciju &#8220;neprihvatljivom&#8221; i pozivaju\u0107i na po\u0161tivanje me\u0111unarodnog prava, javlja Anadolu.<\/p>\n<p>Govore\u0107i novinarima u Dublinu, Martin je kritikovao u\u010de\u0161\u0107e F. Global u Izraelu, nagla\u0161avaju\u0107i u\u010de\u0161\u0107e F. Globala u Izraelu. da Izrael mora po\u0161tovati me\u0111unarodno pravo. humanitarno pravo i vladavina prava.<\/p>\n<p>&#8220;Neprihvatljivo je da Izrael ne ispunjava svoje obaveze prema me\u0111unarodnom humanitarnom pravu&#8221;, rekao je.<\/p>\n<p>Martin je rekao da \u0107e Irska pokrenuti to pitanje na nivou EU, dodaju\u0107i da je Dublin ve\u0107 doveo u pitanje sporazum o pridru\u017eivanju EU-Izrael u svjetlu razvoja doga\u0111aja u Gazi i nedavnih doga\u0111aja u Libanonu, ministar vanjskih poslova u Libanu.<\/p>\n<p> McEntee je osudio zapljenu brodova u me\u0111unarodnim vodama kod obale Gr\u010dke i pozvao izraelske vlasti da &#8220;odmah oslobode sve irske dr\u017eavljane pritvorene tokom ove operacije&#8221; i &#8220;ispune svoje obaveze prema me\u0111unarodnom pravu&#8221;.<\/p>\n<p>Humanitarna flotila Global Sumud napadnuta je u \u010detvrtak, u blizini svojeg gr\u010dkog ostrva Krete na mi60 rau, u blizini svoje destinacije. blokadom.<\/p>\n<p>Prvi brodovi flotile, koji su prevozili humanitarnu pomo\u0107, napustili su Barselonu 12. aprila, dok je glavna flota napustila italijansko ostrvo Siciliju 26. aprila, s ciljem da prkosi izraelskoj vi\u0161egodi\u0161njoj blokadi Gaze.<\/p>\n<p>Izrael je uveo blokadu, od kada je40 miliona stanovnika Gaze suo\u010deno sa 40 miliona stanovnika na jugu Gaze. ozbiljne nesta\u0161ice hrane i osnovnih zaliha.<\/p>\n<p>Izraelska vojska pokrenula je ofanzivu na Gazu u oktobru 2023., ubiv\u0161i vi\u0161e od 72.000 ljudi, raniv\u0161i vi\u0161e od 172.000 drugih i uzrokuju\u0107i \u0161iroko rasprostranjena razaranja u cijeloj enklavi.<\/p>\n<p>Koristimo kola\u010di\u0107e za pobolj\u0161anje iskustva i AdSense).<br \/>\n          Klikom na &#8220;Prihvati&#8221;, pristajete na kori\u0161tenje kola\u010di\u0107a u skladu sa<br \/>\n          Politika privatnosti<br \/>\n          i<br \/>\n          Politika kola\u010di\u0107a.<br \/>\n          Nepotrebne kola\u010di\u0107e mo\u017eete odbiti klikom na &#8220;Odbij&#8221;.<\/p>\n<hr style=\"margin:30px 0\">\n<p style=\"font-size:13px;color:#666\">Izvor: <strong>prizrenpost<\/strong><\/p>\n","protected":false},"excerpt":{"rendered":"<p>Premijer Irske Michael Martin osudio je Izrael zbog zapljene brodova humanitarne flotile koji su se uputili ka Gazi u me\u0111unarodnim vodama, nazvav\u0161i tu akciju &#8220;neprihvatljivom&#8221; i pozivaju\u0107i na po\u0161tivanje me\u0111unarodnog prava, javlja Anadolu. Govore\u0107i novinarima u Dublinu, Martin je kritikovao u\u010de\u0161\u0107e F. Global u Izraelu, nagla\u0161avaju\u0107i u\u010de\u0161\u0107e F. Globala u Izraelu. da Izrael mora po\u0161tovati [&hellip;]<\/p>\n","protected":false},"author":1,"featured_media":32084,"comment_status":"open","ping_status":"open","sticky":false,"template":"","format":"standard","meta":{"footnotes":""},"categories":[24],"tags":[456],"class_list":["post-32083","post","type-post","status-publish","format-standard","has-post-thumbnail","hentry","category-svijet","tag-aktualnost"],"views":8,"_links":{"self":[{"href":"https:\/\/prizrenpost.com\/ba\/wp-json\/wp\/v2\/posts\/32083","targetHints":{"allow":["GET"]}}],"collection":[{"href":"https:\/\/prizrenpost.com\/ba\/wp-json\/wp\/v2\/posts"}],"about":[{"href":"https:\/\/prizrenpost.com\/ba\/wp-json\/wp\/v2\/types\/post"}],"author":[{"embeddable":true,"href":"https:\/\/prizrenpost.com\/ba\/wp-json\/wp\/v2\/users\/1"}],"replies":[{"embeddable":true,"href":"https:\/\/prizrenpost.com\/ba\/wp-json\/wp\/v2\/comments?post=32083"}],"version-history":[{"count":1,"href":"https:\/\/prizrenpost.com\/ba\/wp-json\/wp\/v2\/posts\/32083\/revisions"}],"predecessor-version":[{"id":32085,"href":"https:\/\/prizrenpost.com\/ba\/wp-json\/wp\/v2\/posts\/32083\/revisions\/32085"}],"wp:featuredmedia":[{"embeddable":true,"href":"https:\/\/prizrenpost.com\/ba\/wp-json\/wp\/v2\/media\/32084"}],"wp:attachment":[{"href":"https:\/\/prizrenpost.com\/ba\/wp-json\/wp\/v2\/media?parent=32083"}],"wp:term":[{"taxonomy":"category","embeddable":true,"href":"https:\/\/prizrenpost.com\/ba\/wp-json\/wp\/v2\/categories?post=32083"},{"taxonomy":"post_tag","embeddable":true,"href":"https:\/\/prizrenpost.com\/ba\/wp-json\/wp\/v2\/tags?post=32083"}],"curies":[{"name":"wp","href":"https:\/\/api.w.org\/{rel}","templated":true}]}}