{"id":32089,"date":"2026-05-01T21:05:41","date_gmt":"2026-05-01T19:05:41","guid":{"rendered":"https:\/\/prizrenpost.com\/ba\/grcki-europarlamentarac-moguca-umijesanost-grcke-u-pritvaranje-sumudske-flotile-je-duboko-zabrinjavajuca\/"},"modified":"2026-05-01T21:05:42","modified_gmt":"2026-05-01T19:05:42","slug":"grcki-europarlamentarac-moguca-umijesanost-grcke-u-pritvaranje-sumudske-flotile-je-duboko-zabrinjavajuca","status":"publish","type":"post","link":"https:\/\/prizrenpost.com\/ba\/grcki-europarlamentarac-moguca-umijesanost-grcke-u-pritvaranje-sumudske-flotile-je-duboko-zabrinjavajuca\/","title":{"rendered":"Gr\u010dki europarlamentarac: Mogu\u0107a umije\u0161anost Gr\u010dke u pritvaranje Sumudske flotile je &#8220;duboko zabrinjavaju\u0107a&#8221;"},"content":{"rendered":"<p><img decoding=\"async\" src=\"https:\/\/prizrenpost.com\/ba\/wp-content\/uploads\/Kostas-Arvanitis.jpg\" style=\"width:100%;height:auto;margin-bottom:20px\"><\/p>\n<p>Gr\u010dki poslanik u Evropskom parlamentu i potpredsjednik grupe &#8220;Ljevica&#8221; izjavio je da bi bilo kakva umije\u0161anost Gr\u010dke u pritvaranje humanitarne flotile koja je krenula prema Gazi bila &#8220;duboko uznemiruju\u0107a&#8221;, zahtijevaju\u0107i poja\u0161njenje i odgovornost.<\/p>\n<p>&#8220;Da su gr\u010dke vlasti bile svjesne ili bi na bilo koji na\u010din omogu\u0107ile ovaj Sula F. Sula F. predstavlja duboko uznemiruju\u0107i razvoj doga\u0111aja koji zahtijeva hitno poja\u0161njenje i odgovornost&#8221;, rekao je Kostas Arvanitis u pisanoj izjavi za Anadolu.<\/p>\n<p>On je rekao da gr\u010dka vlada &#8220;ne mo\u017ee dozvoliti da se akcije koje uti\u010du na civilne humanitarne brodove de\u0161avaju u podru\u010djima pod njenom odgovorno\u0161\u0107u bez pune transparentnosti&#8221;.<\/p>\n<p>Naglasio je da bi svaki naznak saradnje i zabrinutosti za za\u0161titu ljudskih \u017eivota pokrenuo ozbiljnu za\u0161titu ljudskih prava ili toleranciju na \u017eivot. institucionalni kredibilitet Gr\u010dke.<\/p>\n<p>Arvanitis je rekao da incident ukazuje na ono \u0161to je opisao kao \u0161iri neuspjeh kako na nacionalnom tako i na evropskom nivou.<\/p>\n<p>Prema njegovim rije\u010dima, humanitarna flotila koja nosi ljekare, osnovne potrep\u0161tine i poruke solidarnosti za Palestince nije smjela biti zaustavljena na moru.\u201c \u010cinjenica da gra\u0111ani osje\u0107aju da su nastavili djelovati na ovaj na\u010din.<\/p>\n<p> nerad i u nekim slu\u010dajevima politi\u010dko sau\u010desni\u0161tvo evropskih vlada pred teku\u0107om humanitarnom katastrofom u Gazi&#8221;, rekao je Arvanitis.<\/p>\n<p>Pozvao je na odgovornost, isti\u010du\u0107i da sigurnost i trenutno osloba\u0111anje onih koji su na brodu moraju biti zagarantovani.<\/p>\n<p>Arvanitis je tako\u0111er rekao da se svako nezakonito uplitanje u civilna plovila Europske unije &gt;<\/p>\n<p> mora zajam\u010diti. (EU) da preduzme konkretne korake, uklju\u010duju\u0107i reviziju odnosa s Izraelom, kako bi podr\u017eao me\u0111unarodno pravo i vratio kredibilitet.<\/p>\n<p>Tako\u0111er, irski europarlamentarac, Barry Andrews, rekao je za Anadolu da Izrael &#8220;\u010dini nezakonite radnje unutar teritorijalnih voda EU&#8221;. Zahtijevao je da se aktivisti vrate svojim porodicama &#8220;\u0161to je prije mogu\u0107e&#8221;.<\/p>\n<p>Humanitarna flotila Global Sumud napadnuta je u \u010detvrtak u blizini gr\u010dkog ostrva Krita, oko 600 nauti\u010dkih milja od svog odredi\u0161ta, blokadom opusto\u0161ene enklave Gaze.<\/p>\n<p>Prvi brodovi glavne flotile iz Barselone, napustili su ljudsku flotilu, a april2 bje\u017eali su na slobodi. napustio je italijansko ostrvo Siciliju 26. aprila, s ciljem da prkosi izraelskoj vi\u0161egodi\u0161njoj blokadi Gaze.<\/p>\n<p>Izrael je uveo blokadu pojasa Gaze od 2007. godine, ostavljaju\u0107i svojih 2,4 miliona stanovnika suo\u010denim s ozbiljnom nesta\u0161icom hrane i osnovnih zaliha.<\/p>\n<p>Izraelska vojska pokrenula je u oktobru izraelsku vojsku protiv Gaze. 2023., ubiv\u0161i vi\u0161e od 72.000 ljudi, ozlije\u0111uju\u0107i preko 172.000 drugih i uzrokuju\u0107i \u0161iroko rasprostranjena razaranja u cijeloj enklavi.<\/p>\n<p>Koristimo kola\u010di\u0107e za pobolj\u0161anje iskustva i prikazivanje oglasa (Google AdSense).<br \/>\n          Klikom na &#8220;Prihvati&#8221;, pristajete na kori\u0161tenje kola\u010di\u0107a u skladu sa<br \/>\n          Politika privatnosti<br \/>\n          i<br \/>\n          Politika kola\u010di\u0107a.<br \/>\n          Nepotrebne kola\u010di\u0107e mo\u017eete odbiti klikom na &#8220;Odbij&#8221;.<\/p>\n<hr style=\"margin:30px 0\">\n<p style=\"font-size:13px;color:#666\">Izvor: <strong>prizrenpost<\/strong><\/p>\n","protected":false},"excerpt":{"rendered":"<p>Gr\u010dki poslanik u Evropskom parlamentu i potpredsjednik grupe &#8220;Ljevica&#8221; izjavio je da bi bilo kakva umije\u0161anost Gr\u010dke u pritvaranje humanitarne flotile koja je krenula prema Gazi bila &#8220;duboko uznemiruju\u0107a&#8221;, zahtijevaju\u0107i poja\u0161njenje i odgovornost. &#8220;Da su gr\u010dke vlasti bile svjesne ili bi na bilo koji na\u010din omogu\u0107ile ovaj Sula F. Sula F. predstavlja duboko uznemiruju\u0107i razvoj [&hellip;]<\/p>\n","protected":false},"author":1,"featured_media":32090,"comment_status":"open","ping_status":"open","sticky":false,"template":"","format":"standard","meta":{"footnotes":""},"categories":[24],"tags":[456],"class_list":["post-32089","post","type-post","status-publish","format-standard","has-post-thumbnail","hentry","category-svijet","tag-aktualnost"],"views":7,"_links":{"self":[{"href":"https:\/\/prizrenpost.com\/ba\/wp-json\/wp\/v2\/posts\/32089","targetHints":{"allow":["GET"]}}],"collection":[{"href":"https:\/\/prizrenpost.com\/ba\/wp-json\/wp\/v2\/posts"}],"about":[{"href":"https:\/\/prizrenpost.com\/ba\/wp-json\/wp\/v2\/types\/post"}],"author":[{"embeddable":true,"href":"https:\/\/prizrenpost.com\/ba\/wp-json\/wp\/v2\/users\/1"}],"replies":[{"embeddable":true,"href":"https:\/\/prizrenpost.com\/ba\/wp-json\/wp\/v2\/comments?post=32089"}],"version-history":[{"count":1,"href":"https:\/\/prizrenpost.com\/ba\/wp-json\/wp\/v2\/posts\/32089\/revisions"}],"predecessor-version":[{"id":32091,"href":"https:\/\/prizrenpost.com\/ba\/wp-json\/wp\/v2\/posts\/32089\/revisions\/32091"}],"wp:featuredmedia":[{"embeddable":true,"href":"https:\/\/prizrenpost.com\/ba\/wp-json\/wp\/v2\/media\/32090"}],"wp:attachment":[{"href":"https:\/\/prizrenpost.com\/ba\/wp-json\/wp\/v2\/media?parent=32089"}],"wp:term":[{"taxonomy":"category","embeddable":true,"href":"https:\/\/prizrenpost.com\/ba\/wp-json\/wp\/v2\/categories?post=32089"},{"taxonomy":"post_tag","embeddable":true,"href":"https:\/\/prizrenpost.com\/ba\/wp-json\/wp\/v2\/tags?post=32089"}],"curies":[{"name":"wp","href":"https:\/\/api.w.org\/{rel}","templated":true}]}}