{"id":32104,"date":"2026-05-01T21:40:08","date_gmt":"2026-05-01T19:40:08","guid":{"rendered":"https:\/\/prizrenpost.com\/ba\/u-selu-pirane-pronadjena-mrtva-zena\/"},"modified":"2026-05-01T21:40:08","modified_gmt":"2026-05-01T19:40:08","slug":"u-selu-pirane-pronadjena-mrtva-zena","status":"publish","type":"post","link":"https:\/\/prizrenpost.com\/ba\/u-selu-pirane-pronadjena-mrtva-zena\/","title":{"rendered":"U selu Piran\u00eb prona\u0111ena mrtva \u017eena"},"content":{"rendered":"<p><img decoding=\"async\" src=\"https:\/\/prizrenpost.com\/ba\/wp-content\/uploads\/krim-shirit-1-5.png\" style=\"width:100%;height:auto;margin-bottom:20px\"><\/p>\n<p>Danas je u selu Piran prona\u0111ena mrtva \u017eena.<\/p>\n<p>Pozivaju\u0107i se na informaciju, Policija je oko 12 sati obavije\u0161tena da je u prizrenskom selu Piran prona\u0111ena \u017eena, stara oko 43 godine, bez znakova \u017eivota, prenosi Gazeta e Prizren.<\/p>\n<p>Ekipe policije su odmah iza\u0161le na lice mjesta i lije\u010dnici su iza\u0161li na lice mjesta. \u017ertve. U vezi sa slu\u010dajem obave\u0161ten je i dr\u017eavni tu\u017eilac, koji je iza\u0161ao na lice mesta.<\/p>\n<p>Slu\u010daj je za Prizren list potvrdio portparol policije Shaqir Bytyqi.<\/p>\n<p>\u201eIstra\u017eitelji Regionalnog istra\u017enog sektora su izvr\u0161ili uvi\u0111aj lica mesta i prikupili relevantne dokaze. Naredbom je prona\u0111eno vatreno oru\u017eje kod kojeg je prona\u0111eno telo \u017ertve (naredbom) prona\u0111eno je vatreno oru\u017eje. tu\u017eioca\u201c, rekao je on. njega.<\/p>\n<p>Odlukom tu\u017eioca, le\u0161 je poslat u Institut za sudsku medicinu (IML) u Pri\u0161tini na obdukciju.<\/p>\n<p>Policija je pokrenula slu\u010daj kao &#8220;Istragu smrti&#8221; i radi na potpunom rasvetljavanju okolnosti ovog slu\u010daja. \/ Gazeta e Prizren<\/p>\n<p>Koristimo kola\u010di\u0107e za pobolj\u0161anje iskustva i prikazivanje oglasa (Google AdSense).<br \/>\n          Klikom na &#8220;Prihvati&#8221;, pristajete na kori\u0161tenje kola\u010di\u0107a u skladu sa<br \/>\n          Politika privatnosti<br \/>\n          i<br \/>\n          Politika kola\u010di\u0107a.<br \/>\n          Nepotrebne kola\u010di\u0107e mo\u017eete odbiti klikom na &#8220;Odbij&#8221;.<\/p>\n<hr style=\"margin:30px 0\">\n<p style=\"font-size:13px;color:#666\">Izvor: <strong>prizrenpost<\/strong><\/p>\n","protected":false},"excerpt":{"rendered":"<p>Danas je u selu Piran prona\u0111ena mrtva \u017eena. Pozivaju\u0107i se na informaciju, Policija je oko 12 sati obavije\u0161tena da je u prizrenskom selu Piran prona\u0111ena \u017eena, stara oko 43 godine, bez znakova \u017eivota, prenosi Gazeta e Prizren. Ekipe policije su odmah iza\u0161le na lice mjesta i lije\u010dnici su iza\u0161li na lice mjesta. \u017ertve. U vezi [&hellip;]<\/p>\n","protected":false},"author":1,"featured_media":32105,"comment_status":"open","ping_status":"open","sticky":false,"template":"","format":"standard","meta":{"footnotes":""},"categories":[22],"tags":[],"class_list":["post-32104","post","type-post","status-publish","format-standard","has-post-thumbnail","hentry","category-prizren"],"views":7,"_links":{"self":[{"href":"https:\/\/prizrenpost.com\/ba\/wp-json\/wp\/v2\/posts\/32104","targetHints":{"allow":["GET"]}}],"collection":[{"href":"https:\/\/prizrenpost.com\/ba\/wp-json\/wp\/v2\/posts"}],"about":[{"href":"https:\/\/prizrenpost.com\/ba\/wp-json\/wp\/v2\/types\/post"}],"author":[{"embeddable":true,"href":"https:\/\/prizrenpost.com\/ba\/wp-json\/wp\/v2\/users\/1"}],"replies":[{"embeddable":true,"href":"https:\/\/prizrenpost.com\/ba\/wp-json\/wp\/v2\/comments?post=32104"}],"version-history":[{"count":1,"href":"https:\/\/prizrenpost.com\/ba\/wp-json\/wp\/v2\/posts\/32104\/revisions"}],"predecessor-version":[{"id":32106,"href":"https:\/\/prizrenpost.com\/ba\/wp-json\/wp\/v2\/posts\/32104\/revisions\/32106"}],"wp:featuredmedia":[{"embeddable":true,"href":"https:\/\/prizrenpost.com\/ba\/wp-json\/wp\/v2\/media\/32105"}],"wp:attachment":[{"href":"https:\/\/prizrenpost.com\/ba\/wp-json\/wp\/v2\/media?parent=32104"}],"wp:term":[{"taxonomy":"category","embeddable":true,"href":"https:\/\/prizrenpost.com\/ba\/wp-json\/wp\/v2\/categories?post=32104"},{"taxonomy":"post_tag","embeddable":true,"href":"https:\/\/prizrenpost.com\/ba\/wp-json\/wp\/v2\/tags?post=32104"}],"curies":[{"name":"wp","href":"https:\/\/api.w.org\/{rel}","templated":true}]}}