{"id":32113,"date":"2026-05-01T23:30:18","date_gmt":"2026-05-01T21:30:18","guid":{"rendered":"https:\/\/prizrenpost.com\/ba\/rezolucija-kongresmena-za-kosovo-u-nato-kurti-zahvalan-na-postojanoj-podrsci-sad\/"},"modified":"2026-05-01T23:30:19","modified_gmt":"2026-05-01T21:30:19","slug":"rezolucija-kongresmena-za-kosovo-u-nato-kurti-zahvalan-na-postojanoj-podrsci-sad","status":"publish","type":"post","link":"https:\/\/prizrenpost.com\/ba\/rezolucija-kongresmena-za-kosovo-u-nato-kurti-zahvalan-na-postojanoj-podrsci-sad\/","title":{"rendered":"Rezolucija kongresmena za Kosovo u NATO, Kurti: Zahvalan na postojanoj podr\u0161ci SAD"},"content":{"rendered":"<p><img decoding=\"async\" src=\"https:\/\/prizrenpost.com\/ba\/wp-content\/uploads\/Kryeministri-ne-detyre-i-Kosoves-Albin-Kurti.jpg\" style=\"width:100%;height:auto;margin-bottom:20px\">Vr\u0161ilac du\u017enosti premijera Kosova Aljbin Kurti reagovao je na rezoluciju koju su predstavili ameri\u010dki kongresmeni i koja podr\u017eava \u010dlanstvo Kosova u NATO. Kurti je izrazio zahvalnost na nepokolebljivoj podr\u0161ci SAD Kosovu i celom regionu. \u201eZahvalni smo na kontinuiranoj i nepokolebljivoj podr\u0161ci Sjedinjenih Dr\u017eava na\u0161em prosperitetu, sigurnosti [&#8230;]<\/p>\n<hr style=\"margin:30px 0\">\n<p style=\"font-size:13px;color:#666\">Izvor: <strong>prizrenpost<\/strong><\/p>\n","protected":false},"excerpt":{"rendered":"<p>Vr\u0161ilac du\u017enosti premijera Kosova Aljbin Kurti reagovao je na rezoluciju koju su predstavili ameri\u010dki kongresmeni i koja podr\u017eava \u010dlanstvo Kosova u NATO. Kurti je izrazio zahvalnost na nepokolebljivoj podr\u0161ci SAD Kosovu i celom regionu. \u201eZahvalni smo na kontinuiranoj i nepokolebljivoj podr\u0161ci Sjedinjenih Dr\u017eava na\u0161em prosperitetu, sigurnosti [&#8230;] Izvor: prizrenpost<\/p>\n","protected":false},"author":1,"featured_media":32114,"comment_status":"open","ping_status":"open","sticky":false,"template":"","format":"standard","meta":{"footnotes":""},"categories":[14],"tags":[456],"class_list":["post-32113","post","type-post","status-publish","format-standard","has-post-thumbnail","hentry","category-nacionalne","tag-aktualnost"],"views":6,"_links":{"self":[{"href":"https:\/\/prizrenpost.com\/ba\/wp-json\/wp\/v2\/posts\/32113","targetHints":{"allow":["GET"]}}],"collection":[{"href":"https:\/\/prizrenpost.com\/ba\/wp-json\/wp\/v2\/posts"}],"about":[{"href":"https:\/\/prizrenpost.com\/ba\/wp-json\/wp\/v2\/types\/post"}],"author":[{"embeddable":true,"href":"https:\/\/prizrenpost.com\/ba\/wp-json\/wp\/v2\/users\/1"}],"replies":[{"embeddable":true,"href":"https:\/\/prizrenpost.com\/ba\/wp-json\/wp\/v2\/comments?post=32113"}],"version-history":[{"count":1,"href":"https:\/\/prizrenpost.com\/ba\/wp-json\/wp\/v2\/posts\/32113\/revisions"}],"predecessor-version":[{"id":32115,"href":"https:\/\/prizrenpost.com\/ba\/wp-json\/wp\/v2\/posts\/32113\/revisions\/32115"}],"wp:featuredmedia":[{"embeddable":true,"href":"https:\/\/prizrenpost.com\/ba\/wp-json\/wp\/v2\/media\/32114"}],"wp:attachment":[{"href":"https:\/\/prizrenpost.com\/ba\/wp-json\/wp\/v2\/media?parent=32113"}],"wp:term":[{"taxonomy":"category","embeddable":true,"href":"https:\/\/prizrenpost.com\/ba\/wp-json\/wp\/v2\/categories?post=32113"},{"taxonomy":"post_tag","embeddable":true,"href":"https:\/\/prizrenpost.com\/ba\/wp-json\/wp\/v2\/tags?post=32113"}],"curies":[{"name":"wp","href":"https:\/\/api.w.org\/{rel}","templated":true}]}}