{"id":32116,"date":"2026-05-02T05:40:49","date_gmt":"2026-05-02T03:40:49","guid":{"rendered":"https:\/\/prizrenpost.com\/ba\/trump-ismijava-ilhana-omara-tokom-govora-na-floridi-izaziva-kontroverzu\/"},"modified":"2026-05-02T05:40:49","modified_gmt":"2026-05-02T03:40:49","slug":"trump-ismijava-ilhana-omara-tokom-govora-na-floridi-izaziva-kontroverzu","status":"publish","type":"post","link":"https:\/\/prizrenpost.com\/ba\/trump-ismijava-ilhana-omara-tokom-govora-na-floridi-izaziva-kontroverzu\/","title":{"rendered":"Trump ismijava Ilhana Omara tokom govora na Floridi, izaziva kontroverzu"},"content":{"rendered":"<p>Donald Trump izazvao je reakciju nakon \u0161to je ismijao Ilhan Omar tokom govora na Floridi, opona\u0161aju\u0107i njen naglasak i ponavljaju\u0107i nedokazane tvrdnje.<\/p>\n<p>Tokom svog pojavljivanja, Trump je koristio la\u017eni naglasak da se ruga Omaru i spomenuo je dugogodi\u0161nje optu\u017ebe, ra\u0161irene u nekim konzervativnim krugovima, o njenom privatnom \u017eivotu, a koje nisu bile podmetanje. On je tako\u0111er napao Gavina Newsoma kao dio njegove retorike protiv politi\u010dkih protivnika.<\/p>\n<p>Izjave su izazvale kritike razli\u010ditih politi\u010dkih li\u010dnosti i organizacija, koje su komentare opisali kao uvredljive i neprimjerene, posebno zbog imitacije akcenta i li\u010dne prirode napada.<\/p>\n<p>Doga\u0111aj je \u010desto napet, a politi\u010dka atmosfera \u010desto postaje napeta i napeta tokom kampanje. vi\u0161e razdvaja. \/message<\/p>\n<p>Koristimo kola\u010di\u0107e za pobolj\u0161anje iskustva i za prikaz oglasa (Google AdSense).<br \/>\n          Klikom na &#8220;Prihvati&#8221;, pristajete na kori\u0161tenje kola\u010di\u0107a u skladu sa<br \/>\n          Politika privatnosti<br \/>\n          i<br \/>\n          Politika kola\u010di\u0107a.<br \/>\n          Nepotrebne kola\u010di\u0107e mo\u017eete odbiti klikom na &#8220;Odbij&#8221;.<\/p>\n<hr style=\"margin:30px 0\">\n<p style=\"font-size:13px;color:#666\">Izvor: <strong>prizrenpost<\/strong><\/p>\n","protected":false},"excerpt":{"rendered":"<p>Donald Trump izazvao je reakciju nakon \u0161to je ismijao Ilhan Omar tokom govora na Floridi, opona\u0161aju\u0107i njen naglasak i ponavljaju\u0107i nedokazane tvrdnje. Tokom svog pojavljivanja, Trump je koristio la\u017eni naglasak da se ruga Omaru i spomenuo je dugogodi\u0161nje optu\u017ebe, ra\u0161irene u nekim konzervativnim krugovima, o njenom privatnom \u017eivotu, a koje nisu bile podmetanje. On je [&hellip;]<\/p>\n","protected":false},"author":1,"featured_media":0,"comment_status":"open","ping_status":"open","sticky":false,"template":"","format":"standard","meta":{"footnotes":""},"categories":[24],"tags":[],"class_list":["post-32116","post","type-post","status-publish","format-standard","hentry","category-svijet"],"views":7,"_links":{"self":[{"href":"https:\/\/prizrenpost.com\/ba\/wp-json\/wp\/v2\/posts\/32116","targetHints":{"allow":["GET"]}}],"collection":[{"href":"https:\/\/prizrenpost.com\/ba\/wp-json\/wp\/v2\/posts"}],"about":[{"href":"https:\/\/prizrenpost.com\/ba\/wp-json\/wp\/v2\/types\/post"}],"author":[{"embeddable":true,"href":"https:\/\/prizrenpost.com\/ba\/wp-json\/wp\/v2\/users\/1"}],"replies":[{"embeddable":true,"href":"https:\/\/prizrenpost.com\/ba\/wp-json\/wp\/v2\/comments?post=32116"}],"version-history":[{"count":0,"href":"https:\/\/prizrenpost.com\/ba\/wp-json\/wp\/v2\/posts\/32116\/revisions"}],"wp:attachment":[{"href":"https:\/\/prizrenpost.com\/ba\/wp-json\/wp\/v2\/media?parent=32116"}],"wp:term":[{"taxonomy":"category","embeddable":true,"href":"https:\/\/prizrenpost.com\/ba\/wp-json\/wp\/v2\/categories?post=32116"},{"taxonomy":"post_tag","embeddable":true,"href":"https:\/\/prizrenpost.com\/ba\/wp-json\/wp\/v2\/tags?post=32116"}],"curies":[{"name":"wp","href":"https:\/\/api.w.org\/{rel}","templated":true}]}}