{"id":45262,"date":"2026-09-01T08:45:28","date_gmt":"2026-09-01T06:45:28","guid":{"rendered":"https:\/\/prizrenpost.com\/ba\/smrtonosna-nesreca-u-istoku-jedna-osoba-poginula-a-dvoje-povredjeno\/"},"modified":"2026-09-01T08:45:32","modified_gmt":"2026-09-01T06:45:32","slug":"smrtonosna-nesreca-u-istoku-jedna-osoba-poginula-a-dvoje-povredjeno","status":"publish","type":"post","link":"https:\/\/prizrenpost.com\/ba\/smrtonosna-nesreca-u-istoku-jedna-osoba-poginula-a-dvoje-povredjeno\/","title":{"rendered":"Smrtonosna nesre\u0107a u Istoku, jedna osoba poginula, a dvoje povre\u0111eno"},"content":{"rendered":"<p><img decoding=\"async\" src=\"https:\/\/prizrenpost.com\/ba\/wp-content\/uploads\/prizrenpost-og-518.png\" style=\"width:100%;height:auto;margin-bottom:20px\"><\/p>\n<p>Te\u0161ka saobra\u0107ajna nesre\u0107a dogodila se oko 00:02 posle pono\u0107i u selu C\u00ebrc\u00eb.<\/p>\n<p>U nesre\u0107i su u\u010destvovale 2 osobe, a 3 osobe su povre\u0111ene, od kojih je jedna izgubila \u017eivot. U nesre\u0107i su u\u010destvovala 2 automobila i usled toga su 3 osobe zadobile povrede, povre\u0111eni su preba\u010deni u regionalnu bolnicu u Pe\u0107i, jedan od povre\u0111enih je po oceni lekarske ekipe stigao u bolnicu bez znakova \u017eivota, povre\u0111eni nakon zbrinjavanja u Regionalnoj bolnici u Pe\u0107i, jedan od njih zbog prirode povreda je upu\u0107en u Rugon-Priru\u010dnik za slu\u010daj. istra\u017eena od strane Regionalne jedinice drumskog saobra\u0107aja DRP-Pe\u0107.<\/p>\n<hr style=\"margin:30px 0\">\n<p style=\"font-size:13px;color:#666\">Izvor: <strong>prizrenpost<\/strong><\/p>\n","protected":false},"excerpt":{"rendered":"<p>Te\u0161ka saobra\u0107ajna nesre\u0107a dogodila se oko 00:02 posle pono\u0107i u selu C\u00ebrc\u00eb. U nesre\u0107i su u\u010destvovale 2 osobe, a 3 osobe su povre\u0111ene, od kojih je jedna izgubila \u017eivot. U nesre\u0107i su u\u010destvovala 2 automobila i usled toga su 3 osobe zadobile povrede, povre\u0111eni su preba\u010deni u regionalnu bolnicu u Pe\u0107i, jedan od povre\u0111enih je [&hellip;]<\/p>\n","protected":false},"author":1,"featured_media":45263,"comment_status":"open","ping_status":"open","sticky":false,"template":"","format":"standard","meta":{"footnotes":""},"categories":[14],"tags":[456],"class_list":["post-45262","post","type-post","status-publish","format-standard","has-post-thumbnail","hentry","category-nacionalne","tag-aktualnost"],"views":12,"_links":{"self":[{"href":"https:\/\/prizrenpost.com\/ba\/wp-json\/wp\/v2\/posts\/45262","targetHints":{"allow":["GET"]}}],"collection":[{"href":"https:\/\/prizrenpost.com\/ba\/wp-json\/wp\/v2\/posts"}],"about":[{"href":"https:\/\/prizrenpost.com\/ba\/wp-json\/wp\/v2\/types\/post"}],"author":[{"embeddable":true,"href":"https:\/\/prizrenpost.com\/ba\/wp-json\/wp\/v2\/users\/1"}],"replies":[{"embeddable":true,"href":"https:\/\/prizrenpost.com\/ba\/wp-json\/wp\/v2\/comments?post=45262"}],"version-history":[{"count":1,"href":"https:\/\/prizrenpost.com\/ba\/wp-json\/wp\/v2\/posts\/45262\/revisions"}],"predecessor-version":[{"id":45264,"href":"https:\/\/prizrenpost.com\/ba\/wp-json\/wp\/v2\/posts\/45262\/revisions\/45264"}],"wp:featuredmedia":[{"embeddable":true,"href":"https:\/\/prizrenpost.com\/ba\/wp-json\/wp\/v2\/media\/45263"}],"wp:attachment":[{"href":"https:\/\/prizrenpost.com\/ba\/wp-json\/wp\/v2\/media?parent=45262"}],"wp:term":[{"taxonomy":"category","embeddable":true,"href":"https:\/\/prizrenpost.com\/ba\/wp-json\/wp\/v2\/categories?post=45262"},{"taxonomy":"post_tag","embeddable":true,"href":"https:\/\/prizrenpost.com\/ba\/wp-json\/wp\/v2\/tags?post=45262"}],"curies":[{"name":"wp","href":"https:\/\/api.w.org\/{rel}","templated":true}]}}