{"id":45286,"date":"2026-09-01T12:05:43","date_gmt":"2026-09-01T10:05:43","guid":{"rendered":"https:\/\/prizrenpost.com\/ba\/flick-zbulon-arsyen-pse-rodri-nuk-po-starton-te-barcelona\/"},"modified":"2026-09-01T12:05:44","modified_gmt":"2026-09-01T10:05:44","slug":"flick-zbulon-arsyen-pse-rodri-nuk-po-starton-te-barcelona","status":"publish","type":"post","link":"https:\/\/prizrenpost.com\/ba\/flick-zbulon-arsyen-pse-rodri-nuk-po-starton-te-barcelona\/","title":{"rendered":"Flick zbulon arsyen pse Rodri nuk po starton te Barcelona"},"content":{"rendered":"<p><img decoding=\"async\" src=\"https:\/\/prizrenpost.com\/ba\/wp-content\/uploads\/Rodri-1.png\" style=\"width:100%;height:auto;margin-bottom:20px\"><\/p>\n<p>Trajneri i Barcelon\u00ebs, Hansi Flick, ka pranuar se Rodri ende nuk \u00ebsht\u00eb n\u00eb gjendjen optimale fizike p\u00ebr t\u00eb qen\u00eb titullar n\u00eb La Liga.<\/p>\n<p>Mesfushori spanjoll, i transferuar nga Manchester City, po kalon nj\u00eb periudh\u00eb t\u00eb kontrolluar integrimi, pasi ka vet\u00ebm pak dit\u00eb q\u00eb i \u00ebsht\u00eb bashkuar skuadr\u00ebs katalanase.<\/p>\n<p>\u201cNatyrisht, ai duhet t\u00eb p\u00ebrmir\u00ebsohet fizikisht. Ne e dim\u00eb k\u00ebt\u00eb, sepse ai sapo ka ardhur dhe ka vet\u00ebm dhjet\u00eb dit\u00eb q\u00eb \u00ebsht\u00eb me ne\u201d, deklaroi Flick.<\/p>\n<p>Nd\u00ebrkoh\u00eb, trajneri gjerman po punon edhe p\u00ebr m\u00ebnyr\u00ebn se si Rodri dhe Pedri mund t\u00eb funksionojn\u00eb s\u00eb bashku. Plani \u00ebsht\u00eb q\u00eb Rodri t\u00eb luaj\u00eb m\u00eb i t\u00ebrhequr, duke ofruar ekuilib\u00ebr n\u00eb mesfush\u00eb, nd\u00ebrsa Pedrit t\u2019i jepet m\u00eb shum\u00eb liri p\u00ebr t\u00eb l\u00ebvizur mes linjave.<\/p>\n<p>Barcelona e ka nisur sezonin me tri fitore radhazi dhe tashm\u00eb p\u00ebrgatitet p\u00ebr p\u00ebrballjen e s\u00eb diel\u00ebs ndaj Valencias n\u00eb \u201cMestalla\u201d.\/04 Online\/<\/p>\n<hr style=\"margin:30px 0\">\n<p style=\"font-size:13px;color:#666\">Izvor: <strong>prizrenpost<\/strong><\/p>\n","protected":false},"excerpt":{"rendered":"<p>Trajneri i Barcelon\u00ebs, Hansi Flick, ka pranuar se Rodri ende nuk \u00ebsht\u00eb n\u00eb gjendjen optimale fizike p\u00ebr t\u00eb qen\u00eb titullar n\u00eb La Liga. Mesfushori spanjoll, i transferuar nga Manchester City, po kalon nj\u00eb periudh\u00eb t\u00eb kontrolluar integrimi, pasi ka vet\u00ebm pak dit\u00eb q\u00eb i \u00ebsht\u00eb bashkuar skuadr\u00ebs katalanase. \u201cNatyrisht, ai duhet t\u00eb p\u00ebrmir\u00ebsohet fizikisht. Ne [&hellip;]<\/p>\n","protected":false},"author":1,"featured_media":45287,"comment_status":"open","ping_status":"open","sticky":false,"template":"","format":"standard","meta":{"footnotes":""},"categories":[7],"tags":[],"class_list":["post-45286","post","type-post","status-publish","format-standard","has-post-thumbnail","hentry","category-sport"],"views":12,"_links":{"self":[{"href":"https:\/\/prizrenpost.com\/ba\/wp-json\/wp\/v2\/posts\/45286","targetHints":{"allow":["GET"]}}],"collection":[{"href":"https:\/\/prizrenpost.com\/ba\/wp-json\/wp\/v2\/posts"}],"about":[{"href":"https:\/\/prizrenpost.com\/ba\/wp-json\/wp\/v2\/types\/post"}],"author":[{"embeddable":true,"href":"https:\/\/prizrenpost.com\/ba\/wp-json\/wp\/v2\/users\/1"}],"replies":[{"embeddable":true,"href":"https:\/\/prizrenpost.com\/ba\/wp-json\/wp\/v2\/comments?post=45286"}],"version-history":[{"count":1,"href":"https:\/\/prizrenpost.com\/ba\/wp-json\/wp\/v2\/posts\/45286\/revisions"}],"predecessor-version":[{"id":45288,"href":"https:\/\/prizrenpost.com\/ba\/wp-json\/wp\/v2\/posts\/45286\/revisions\/45288"}],"wp:featuredmedia":[{"embeddable":true,"href":"https:\/\/prizrenpost.com\/ba\/wp-json\/wp\/v2\/media\/45287"}],"wp:attachment":[{"href":"https:\/\/prizrenpost.com\/ba\/wp-json\/wp\/v2\/media?parent=45286"}],"wp:term":[{"taxonomy":"category","embeddable":true,"href":"https:\/\/prizrenpost.com\/ba\/wp-json\/wp\/v2\/categories?post=45286"},{"taxonomy":"post_tag","embeddable":true,"href":"https:\/\/prizrenpost.com\/ba\/wp-json\/wp\/v2\/tags?post=45286"}],"curies":[{"name":"wp","href":"https:\/\/api.w.org\/{rel}","templated":true}]}}