{"id":45295,"date":"2026-09-01T15:50:51","date_gmt":"2026-09-01T13:50:51","guid":{"rendered":"https:\/\/prizrenpost.com\/ba\/barcelona-transferon-gabriel-jesusin-nga-arsenali\/"},"modified":"2026-09-01T15:50:51","modified_gmt":"2026-09-01T13:50:51","slug":"barcelona-transferon-gabriel-jesusin-nga-arsenali","status":"publish","type":"post","link":"https:\/\/prizrenpost.com\/ba\/barcelona-transferon-gabriel-jesusin-nga-arsenali\/","title":{"rendered":"Barcelona transferon Gabriel Jesusin nga Arsenali"},"content":{"rendered":"<p><img decoding=\"async\" src=\"https:\/\/prizrenpost.com\/ba\/wp-content\/uploads\/abriel-Jesus.jpeg\" style=\"width:100%;height:auto;margin-bottom:20px\"><\/p>\n<p>Barcelona ka zyrtarizuar transferimin e Gabriel Jesusit nga Arsenali. Sulmuesi brazilian i bashkohet klubit katalanas n\u00eb nj\u00eb operacion prej 15 milion\u00eb eurosh.<\/p>\n<p>Jesus ka n\u00ebnshkruar kontrat\u00eb me Barcelon\u00ebn deri n\u00eb vitin 2029, duke u b\u00ebr\u00eb p\u00ebrforcimi i ri i repartit ofensiv.<\/p>\n<p>Klubi katalanas e konfirmoi marr\u00ebveshjen p\u00ebrmes nj\u00eb njoftimi zyrtar: \u201cArsenali dhe Barcelona kan\u00eb arritur marr\u00ebveshje p\u00ebr transferimin e Gabriel Jesus te blaugran\u00ebt. Sulmuesi brazilian do t\u00eb firmos\u00eb nj\u00eb kontrat\u00eb trevje\u00e7are me klubin katalanas\u201d.<\/p>\n<p>29-vje\u00e7ari, i cili m\u00eb par\u00eb ka luajtur edhe te Manchester City, rikthehet k\u00ebshtu n\u00eb La Liga pas nj\u00eb aventure n\u00eb Premier League.<\/p>\n<p>Transferimi i Jesusit vjen pasi Barcelona nuk arriti ta finalizoj\u00eb marr\u00ebveshjen p\u00ebr Juli\u00e1n Alvarezin, duke zgjedhur brazilianin si alternativ\u00eb p\u00ebr p\u00ebrforcimin e sulmit.\/04 Online\/<\/p>\n<hr style=\"margin:30px 0\">\n<p style=\"font-size:13px;color:#666\">Izvor: <strong>prizrenpost<\/strong><\/p>\n","protected":false},"excerpt":{"rendered":"<p>Barcelona ka zyrtarizuar transferimin e Gabriel Jesusit nga Arsenali. Sulmuesi brazilian i bashkohet klubit katalanas n\u00eb nj\u00eb operacion prej 15 milion\u00eb eurosh. Jesus ka n\u00ebnshkruar kontrat\u00eb me Barcelon\u00ebn deri n\u00eb vitin 2029, duke u b\u00ebr\u00eb p\u00ebrforcimi i ri i repartit ofensiv. Klubi katalanas e konfirmoi marr\u00ebveshjen p\u00ebrmes nj\u00eb njoftimi zyrtar: \u201cArsenali dhe Barcelona kan\u00eb arritur [&hellip;]<\/p>\n","protected":false},"author":1,"featured_media":45296,"comment_status":"open","ping_status":"open","sticky":false,"template":"","format":"standard","meta":{"footnotes":""},"categories":[7],"tags":[],"class_list":["post-45295","post","type-post","status-publish","format-standard","has-post-thumbnail","hentry","category-sport"],"views":9,"_links":{"self":[{"href":"https:\/\/prizrenpost.com\/ba\/wp-json\/wp\/v2\/posts\/45295","targetHints":{"allow":["GET"]}}],"collection":[{"href":"https:\/\/prizrenpost.com\/ba\/wp-json\/wp\/v2\/posts"}],"about":[{"href":"https:\/\/prizrenpost.com\/ba\/wp-json\/wp\/v2\/types\/post"}],"author":[{"embeddable":true,"href":"https:\/\/prizrenpost.com\/ba\/wp-json\/wp\/v2\/users\/1"}],"replies":[{"embeddable":true,"href":"https:\/\/prizrenpost.com\/ba\/wp-json\/wp\/v2\/comments?post=45295"}],"version-history":[{"count":1,"href":"https:\/\/prizrenpost.com\/ba\/wp-json\/wp\/v2\/posts\/45295\/revisions"}],"predecessor-version":[{"id":45297,"href":"https:\/\/prizrenpost.com\/ba\/wp-json\/wp\/v2\/posts\/45295\/revisions\/45297"}],"wp:featuredmedia":[{"embeddable":true,"href":"https:\/\/prizrenpost.com\/ba\/wp-json\/wp\/v2\/media\/45296"}],"wp:attachment":[{"href":"https:\/\/prizrenpost.com\/ba\/wp-json\/wp\/v2\/media?parent=45295"}],"wp:term":[{"taxonomy":"category","embeddable":true,"href":"https:\/\/prizrenpost.com\/ba\/wp-json\/wp\/v2\/categories?post=45295"},{"taxonomy":"post_tag","embeddable":true,"href":"https:\/\/prizrenpost.com\/ba\/wp-json\/wp\/v2\/tags?post=45295"}],"curies":[{"name":"wp","href":"https:\/\/api.w.org\/{rel}","templated":true}]}}