{"id":45298,"date":"2026-09-01T19:35:24","date_gmt":"2026-09-01T17:35:24","guid":{"rendered":"https:\/\/prizrenpost.com\/ba\/abdixhiku-6-deputete-te-ldk-se-nuk-e-mbeshtesin-sjediun-per-president\/"},"modified":"2026-09-01T19:35:27","modified_gmt":"2026-09-01T17:35:27","slug":"abdixhiku-6-deputete-te-ldk-se-nuk-e-mbeshtesin-sjediun-per-president","status":"publish","type":"post","link":"https:\/\/prizrenpost.com\/ba\/abdixhiku-6-deputete-te-ldk-se-nuk-e-mbeshtesin-sjediun-per-president\/","title":{"rendered":"Abdixhiku: 6 deputet\u00eb t\u00eb LDK-s\u00eb nuk e mb\u00ebshtesin Sjediun p\u00ebr president"},"content":{"rendered":"<p><img decoding=\"async\" src=\"https:\/\/prizrenpost.com\/ba\/wp-content\/uploads\/prizrenpost-og-522.png\" style=\"width:100%;height:auto;margin-bottom:20px\"><\/p>\n<p>Kryetari i Lidhjes Demokratike t\u00eb Kosov\u00ebs (LDK), Lumir Abdixhiku, ka b\u00ebr\u00eb t\u00eb ditur se gjasht\u00eb deputet\u00eb t\u00eb k\u00ebsaj partie kan\u00eb deklaruar se nuk do ta mb\u00ebshtesin kandidatur\u00ebn e Bekim Sejdiut p\u00ebr president t\u00eb Kosov\u00ebs.<\/p>\n<p>Deklarata e Abdixhikut erdhi pas mbledhjes s\u00eb Grupit Parlamentar t\u00eb LDK-s\u00eb, ku u diskutua q\u00ebndrimi i deputet\u00ebve lidhur me kandidatur\u00ebn e propozuar nga kjo parti.<\/p>\n<p>Abdixhiku tha se kandidatura e Sejdiut ishte miratuar paraprakisht n\u00eb m\u00ebnyr\u00eb unanime nga Kryesia e LDK-s\u00eb, pa asnj\u00eb vot\u00eb kund\u00ebr.<\/p>\n<p>\u201cNe mbajt\u00ebm mbledhjen e Kryesis\u00eb s\u00eb Lidhjes Demokratike t\u00eb Kosov\u00ebs. N\u00eb k\u00ebt\u00eb Kryesi kemi diskutuar jo vet\u00ebm propozimin e LDK-s\u00eb p\u00ebr profesor doktor Bekim Sejdiun, por edhe gjith\u00eb angazhimin ton\u00eb politik. N\u00eb k\u00ebt\u00eb drejtim, diskutimet ishin superlative p\u00ebr kandidatin\u201d, tha Abdixhiku.<\/p>\n<p>Ai theksoi se Sejdiu ishte vler\u00ebsuar brenda Kryesis\u00eb si profesionist dhe jurist me p\u00ebrvoj\u00eb.<\/p>\n<p>\u201cN\u00eb m\u00ebnyr\u00eb unanime, pa asnj\u00eb vot\u00eb kund\u00ebr, e gjith\u00eb Kryesia, e p\u00ebrb\u00ebr\u00eb nga an\u00ebtar\u00eb t\u00eb ndrysh\u00ebm nga gjith\u00eb vendi i Kosov\u00ebs, votoi p\u00ebr kandidatur\u00ebn e profesor doktor Bekim Sejdiut\u201d, deklaroi ai.<\/p>\n<p>Megjithat\u00eb, pas mbledhjes s\u00eb Grupit Parlamentar, Abdixhiku tha se gjasht\u00eb deputet\u00eb kan\u00eb b\u00ebr\u00eb t\u00eb ditur se nuk do ta respektojn\u00eb q\u00ebndrimin e Kryesis\u00eb p\u00ebr mb\u00ebshtetjen e Sejdiut.<\/p>\n<p>\u201cMenj\u00ebher\u00eb pas k\u00ebsaj mbledhjeje, ne b\u00ebm\u00eb nj\u00eb deklarat\u00eb publike n\u00eb t\u00eb cil\u00ebn i b\u00ebm\u00eb ftes\u00eb deputet\u00ebve t\u00eb LDK-s\u00eb q\u00eb t\u00eb na mb\u00ebshtesin k\u00ebt\u00eb kandidatur\u00eb. Tani sapo mbajt\u00ebm edhe mbledhjen e Grupit Parlamentar t\u00eb Lidhjes Demokratike t\u00eb Kosov\u00ebs dhe, me k\u00ebt\u00eb rast, p\u00ebr popullin e Kosov\u00ebs dhe fatin e Republik\u00ebs, me gjith\u00eb procesin q\u00eb jemi, gjasht\u00eb deputet\u00eb t\u00eb LDK-s\u00eb kan\u00eb vendosur t\u00eb mos e respektojn\u00eb vendimin e Kryesis\u00eb s\u00eb Lidhjes Demokratike t\u00eb Kosov\u00ebs\u201d, tha Abdixhiku.<\/p>\n<p>Sipas tij, b\u00ebhet fjal\u00eb p\u00ebr Avdullah Hotin, Hykmete Bajramin, Arben Gashin, Armend Zemajn, Kujtim Shal\u00ebn dhe Janina Ymerin.<\/p>\n<p>Abdixhiku vler\u00ebsoi se mosmb\u00ebshtetja e kandidatur\u00ebs s\u00eb Sejdiut mund t\u00eb ket\u00eb pasoja p\u00ebr procesin politik dhe p\u00ebr vendin.<\/p>\n<p>\u201cK\u00ebta kan\u00eb deklaruar se nuk e votojn\u00eb kandidatin e propozuar dhe, n\u00eb k\u00ebt\u00eb faz\u00eb, konsideroj se i b\u00ebjn\u00eb d\u00ebm t\u00eb pariparuesh\u00ebm gjith\u00eb procesit dhe, pashmangsh\u00ebm e pa nevoj\u00eb, e humbin nj\u00eb mund\u00ebsi t\u00eb jasht\u00ebzakonshme p\u00ebr Kosov\u00ebn. E d\u00ebrgojn\u00eb vendin n\u00eb zgjedhje t\u00eb jasht\u00ebzakonshme\u201d, u shpreh ai.<\/p>\n<p>Kreu i LDK-s\u00eb tha se deputet\u00ebt q\u00eb kund\u00ebrshtojn\u00eb vendimin e Kryesis\u00eb duhet t\u00eb vendosin interesin e vendit mbi p\u00ebrplasjet e brendshme.<\/p>\n<p>\u201cShumica prej k\u00ebtyre figurave kan\u00eb p\u00ebrvoj\u00eb t\u00eb jasht\u00ebzakonshme politike n\u00eb LDK dhe do t\u00eb duhej t\u00eb kap\u00ebrcenin veten. Kjo s\u2019ka qen\u00eb gar\u00eb p\u00ebr mua, s\u2019ka qen\u00eb betej\u00eb me mua. Beteja me mua ka p\u00ebrfunduar n\u00eb Kuvendin e LDK-s\u00eb. Kjo ka qen\u00eb betej\u00eb p\u00ebr Republik\u00ebn e Kosov\u00ebs\u201d, tha Abdixhiku.<\/p>\n<p>Ai e cil\u00ebsoi Bekim Sejdiun si kandidat me integritet t\u00eb lart\u00eb dhe tha se zgjedhja e tij do t\u00eb mund\u00ebsonte, sipas tij, ruajtjen e balanc\u00ebs institucionale.<\/p>\n<p>\u201cKemi pasur nj\u00eb kandidat t\u00eb shk\u00eblqyesh\u00ebm, nj\u00eb njeri t\u00eb propozuar nga LDK-ja, me integritet t\u00eb jasht\u00ebzakonsh\u00ebm, nj\u00eb njeri q\u00eb do t\u00eb siguronte balanc\u00ebn institucionale, q\u00eb \u00e7do tendenc\u00eb t\u00eb shkeljes s\u00eb Kushtetut\u00ebs, t\u00eb thyerjes s\u00eb demokracis\u00eb dhe t\u00eb prishjes s\u00eb balanc\u00ebs institucionale do ta mbronte edhe p\u00ebrball\u00eb pushtetit t\u00eb L\u00ebvizjes Vet\u00ebvendosje\u201d, deklaroi ai.<\/p>\n<p>Abdixhiku paralajm\u00ebroi gjithashtu se q\u00ebndrimi kund\u00ebr kandidatur\u00ebs s\u00eb Sejdiut mund t\u00eb ndikoj\u00eb edhe n\u00eb rezultatin e LDK-s\u00eb n\u00eb zgjedhjet e ardhshme.<\/p>\n<p>\u201cKonsideroj q\u00eb, fatkeq\u00ebsisht, pozicioni kund\u00ebr vendimit t\u00eb Kryesis\u00eb dhe kund\u00ebr LDK-s\u00eb \u00ebsht\u00eb i d\u00ebmsh\u00ebm fillimisht p\u00ebr Republik\u00ebn e Kosov\u00ebs, patjet\u00ebr edhe p\u00ebr LDK-n\u00eb\u201d, tha ai.<\/p>\n<p>I pyetur n\u00ebse gjasht\u00eb deputet\u00ebt kan\u00eb kund\u00ebrshtime ndaj figur\u00ebs s\u00eb Bekim Sejdiut apo ndaj bashk\u00ebpunimit me L\u00ebvizjen Vet\u00ebvendosje, Abdixhiku tha se arsyet mund t\u00eb jen\u00eb t\u00eb tjera.<\/p>\n<p>\u201cDeklarimi \u00ebsht\u00eb p\u00ebr figur\u00ebn, por n\u00eb thelb kam p\u00ebrshtypjen q\u00eb \u00ebsht\u00eb di\u00e7ka tjet\u00ebr. Duket se ka pretendime t\u00eb jasht\u00ebzakonshme p\u00ebr t\u00eb shtyr\u00eb agjenda q\u00eb s\u2019jan\u00eb t\u00eb LDK-s\u00eb\u201d, u shpreh ai.<\/p>\n<p>Sa i p\u00ebrket mund\u00ebsis\u00eb s\u00eb masave disiplinore ndaj deputet\u00ebve, Abdixhiku tha se kjo \u00e7\u00ebshtje do t\u00eb trajtohet n\u00eb nj\u00eb faz\u00eb tjet\u00ebr.<\/p>\n<p>\u201cUn\u00eb besoj q\u00eb, e para pun\u00ebs, duhet t\u00eb merremi me k\u00ebt\u00eb faz\u00eb p\u00ebr natyr\u00ebn disiplinore brenda LDK-s\u00eb, sepse ajo do t\u00eb vij\u00eb. M\u00eb shum\u00eb jam i brengosur p\u00ebr pasojat p\u00ebr Kosov\u00ebn\u201d, tha ai.<\/p>\n<p>Ai shtoi se shqet\u00ebsimi kryesor mbetet mund\u00ebsia q\u00eb vendi t\u00eb shkoj\u00eb s\u00ebrish n\u00eb zgjedhje.<\/p>\n<p>\u201cT\u00eb shkaktohen edhe nj\u00eb her\u00eb zgjedhje, kur kemi marr\u00ebveshje politike, kur kemi kandidatur\u00eb serioze, t\u00eb mbar\u00eb, t\u00eb mir\u00eb, me respekt q\u00eb \u00ebsht\u00eb popullor, kur e kemi kap\u00ebrcyer ne veten, s\u2019kemi ardhur askund, asgj\u00eb prej vetes, vet\u00ebm q\u00eb Kosova t\u00eb ket\u00eb president dinjitoz, dhe p\u00ebr beteja t\u00eb paarsyeshme personale t\u00eb rr\u00ebnohet gjith\u00eb kjo marr\u00ebveshje, un\u00eb jam i brengosur p\u00ebr pasojat p\u00ebr Republik\u00ebn\u201d, deklaroi Abdixhiku.<\/p>\n<p>N\u00eb fund, ai tha se ata q\u00eb nuk respektojn\u00eb vendimet e organeve t\u00eb partis\u00eb nuk duhet ta konsiderojn\u00eb veten p\u00ebrfaq\u00ebsues t\u00eb LDK-s\u00eb.<\/p>\n<p>\u201cSecili njeri q\u00eb s\u2019e respekton vendimin e Kryesis\u00eb dhe t\u00eb organeve demokratike t\u00eb Kosov\u00ebs, m\u00eb s\u00eb paku duhet t\u00eb ndihet p\u00ebrfaq\u00ebsues i LDK-s\u00eb\u201d, tha Abdixhiku.<\/p>\n<p>Sa i p\u00ebrket t\u00eb ardhmes s\u00eb gjasht\u00eb deputet\u00ebve n\u00eb Grupin Parlamentar t\u00eb LDK-s\u00eb, Abdixhiku tha se p\u00ebr k\u00ebt\u00eb do t\u00eb merren vendime n\u00eb nj\u00eb moment tjet\u00ebr.<\/p>\n<p>\u201cDo t\u00eb merremi me vendime, por kjo s\u2019\u00ebsht\u00eb tema. V\u00ebrtet s\u2019\u00ebsht\u00eb tem\u00eb e r\u00ebnd\u00ebsishme tani p\u00ebr zhvillimet n\u00eb vend\u201d, tha ai.<\/p>\n<p>Abdixhiku tha se edhe n\u00eb t\u00eb kaluar\u00ebn, kur nuk \u00ebsht\u00eb pajtuar me vendimet e shumic\u00ebs n\u00eb parti, ka zgjedhur t\u2019i respektoj\u00eb ato.<\/p>\n<p>\u201cKur s\u2019jam pajtuar me partin\u00eb time ose me veprimet e shumic\u00ebs s\u00eb asaj partie, nuk kam qen\u00eb penges\u00eb, nuk kam shkaktuar zgjedhje t\u00eb reja dhe s\u2019kam vendosur t\u00eb votoj kund\u00ebr vendimit t\u00eb shumic\u00ebs. Nj\u00eb gj\u00eb e till\u00eb mund t\u00eb b\u00ebhet, por secili kemi marr\u00eb vota me LDK-n\u00eb\u201d, tha ai.<\/p>\n<p>N\u00eb fund t\u00eb konferenc\u00ebs, Abdixhiku k\u00ebrkoi falje nga qytetar\u00ebt p\u00ebr situat\u00ebn e krijuar politike.<\/p>\n<hr style=\"margin:30px 0\">\n<p style=\"font-size:13px;color:#666\">Izvor: <strong>prizrenpost<\/strong><\/p>\n","protected":false},"excerpt":{"rendered":"<p>Kryetari i Lidhjes Demokratike t\u00eb Kosov\u00ebs (LDK), Lumir Abdixhiku, ka b\u00ebr\u00eb t\u00eb ditur se gjasht\u00eb deputet\u00eb t\u00eb k\u00ebsaj partie kan\u00eb deklaruar se nuk do ta mb\u00ebshtesin kandidatur\u00ebn e Bekim Sejdiut p\u00ebr president t\u00eb Kosov\u00ebs. Deklarata e Abdixhikut erdhi pas mbledhjes s\u00eb Grupit Parlamentar t\u00eb LDK-s\u00eb, ku u diskutua q\u00ebndrimi i deputet\u00ebve lidhur me kandidatur\u00ebn e [&hellip;]<\/p>\n","protected":false},"author":1,"featured_media":45299,"comment_status":"open","ping_status":"open","sticky":false,"template":"","format":"standard","meta":{"footnotes":""},"categories":[14],"tags":[456],"class_list":["post-45298","post","type-post","status-publish","format-standard","has-post-thumbnail","hentry","category-nacionalne","tag-aktualnost"],"views":11,"_links":{"self":[{"href":"https:\/\/prizrenpost.com\/ba\/wp-json\/wp\/v2\/posts\/45298","targetHints":{"allow":["GET"]}}],"collection":[{"href":"https:\/\/prizrenpost.com\/ba\/wp-json\/wp\/v2\/posts"}],"about":[{"href":"https:\/\/prizrenpost.com\/ba\/wp-json\/wp\/v2\/types\/post"}],"author":[{"embeddable":true,"href":"https:\/\/prizrenpost.com\/ba\/wp-json\/wp\/v2\/users\/1"}],"replies":[{"embeddable":true,"href":"https:\/\/prizrenpost.com\/ba\/wp-json\/wp\/v2\/comments?post=45298"}],"version-history":[{"count":1,"href":"https:\/\/prizrenpost.com\/ba\/wp-json\/wp\/v2\/posts\/45298\/revisions"}],"predecessor-version":[{"id":45300,"href":"https:\/\/prizrenpost.com\/ba\/wp-json\/wp\/v2\/posts\/45298\/revisions\/45300"}],"wp:featuredmedia":[{"embeddable":true,"href":"https:\/\/prizrenpost.com\/ba\/wp-json\/wp\/v2\/media\/45299"}],"wp:attachment":[{"href":"https:\/\/prizrenpost.com\/ba\/wp-json\/wp\/v2\/media?parent=45298"}],"wp:term":[{"taxonomy":"category","embeddable":true,"href":"https:\/\/prizrenpost.com\/ba\/wp-json\/wp\/v2\/categories?post=45298"},{"taxonomy":"post_tag","embeddable":true,"href":"https:\/\/prizrenpost.com\/ba\/wp-json\/wp\/v2\/tags?post=45298"}],"curies":[{"name":"wp","href":"https:\/\/api.w.org\/{rel}","templated":true}]}}