{"id":45310,"date":"2026-09-02T10:55:40","date_gmt":"2026-09-02T08:55:40","guid":{"rendered":"https:\/\/prizrenpost.com\/ba\/svechlina-odbrana-se-ne-slaze-s-njegovom-osudjujucom-presudom-a-odluku-suda-naziva-neobicnom\/"},"modified":"2026-09-02T10:55:43","modified_gmt":"2026-09-02T08:55:43","slug":"svechlina-odbrana-se-ne-slaze-s-njegovom-osudjujucom-presudom-a-odluku-suda-naziva-neobicnom","status":"publish","type":"post","link":"https:\/\/prizrenpost.com\/ba\/svechlina-odbrana-se-ne-slaze-s-njegovom-osudjujucom-presudom-a-odluku-suda-naziva-neobicnom\/","title":{"rendered":"Svechlina odbrana se ne sla\u017ee s njegovom osu\u0111uju\u0107om presudom, a odluku suda naziva neobi\u010dnom"},"content":{"rendered":"<p><img decoding=\"async\" src=\"https:\/\/prizrenpost.com\/ba\/wp-content\/uploads\/prizrenpost-og-524.png\" style=\"width:100%;height:auto;margin-bottom:20px\"><\/p>\n<p>Odbrana Xelala Sve\u010de, vr\u0161ioca du\u017enosti ministra unutra\u0161njih poslova, pokazala je neslaganje i nezadovoljstvo odlukom sudije koja je nazvana &#8220;neuobi\u010dajenom&#8221; da svog klijenta proglasi krivim.<\/p>\n<p>Advokat Laur Prenaj rekao je da \u0107e se \u017ealiti, nakon \u0161to dobije potpunu odluku.<\/p>\n<p>Ne\u0161to ranije u Pri\u0161tini je dobacio Sve\u017eili\u0107u. u suzama u Skup\u0161tini Kosova, 2018. godine.<\/p>\n<p>&#8220;Sud je objavio svoju odluku, ali postoji poluodluka, moramo sa\u010dekati obrazlo\u017eenu odluku. To je neuobi\u010dajeno u praksi, ali ipak znamo da \u010dekamo, tako\u0111e \u0107emo sigurno iskoristiti pravo na \u017ealbu do tada nemamo \u0161ta da komentari\u0161emo&#8221;, rekao je Prenaj.<\/p>\n<p>Prema njemu, imamo problema od po\u010detka.<\/p>\n<p>Mi smo od po\u010detka imali problema. je u po\u010detnoj reviziji rekao da je ova optu\u017enica imala mnogo problema i da moramo sa\u010dekati obrazlo\u017eenje suda o tome gde je zasnovana\u201d, rekao je on.<\/p>\n<p>Koliko je Sve\u00e7la osu\u0111en, o\u010dekuje se da \u0107e se saznati 8. septembra u 9 sati kada je zakazana jo\u0161 jedna sednica u vezi sa ovim slu\u010dajem.<\/p>\n<p>Pro\u0161le nedelje, jo\u0161 jedan ministar spoljnih poslova Republike Kosova, Vlada A, Glauk, A. Konjufca je progla\u0161en nevinim u vezi sa sli\u010dnom optu\u017enicom \u2013 za bacanje suzavca, na sjednici parlamenta 2016. godine.<\/p>\n<hr style=\"margin:30px 0\">\n<p style=\"font-size:13px;color:#666\">Izvor: <strong>prizrenpost<\/strong><\/p>\n","protected":false},"excerpt":{"rendered":"<p>Odbrana Xelala Sve\u010de, vr\u0161ioca du\u017enosti ministra unutra\u0161njih poslova, pokazala je neslaganje i nezadovoljstvo odlukom sudije koja je nazvana &#8220;neuobi\u010dajenom&#8221; da svog klijenta proglasi krivim. Advokat Laur Prenaj rekao je da \u0107e se \u017ealiti, nakon \u0161to dobije potpunu odluku. Ne\u0161to ranije u Pri\u0161tini je dobacio Sve\u017eili\u0107u. u suzama u Skup\u0161tini Kosova, 2018. godine. &#8220;Sud je objavio [&hellip;]<\/p>\n","protected":false},"author":1,"featured_media":45311,"comment_status":"open","ping_status":"open","sticky":false,"template":"","format":"standard","meta":{"footnotes":""},"categories":[14],"tags":[456],"class_list":["post-45310","post","type-post","status-publish","format-standard","has-post-thumbnail","hentry","category-nacionalne","tag-aktualnost"],"views":7,"_links":{"self":[{"href":"https:\/\/prizrenpost.com\/ba\/wp-json\/wp\/v2\/posts\/45310","targetHints":{"allow":["GET"]}}],"collection":[{"href":"https:\/\/prizrenpost.com\/ba\/wp-json\/wp\/v2\/posts"}],"about":[{"href":"https:\/\/prizrenpost.com\/ba\/wp-json\/wp\/v2\/types\/post"}],"author":[{"embeddable":true,"href":"https:\/\/prizrenpost.com\/ba\/wp-json\/wp\/v2\/users\/1"}],"replies":[{"embeddable":true,"href":"https:\/\/prizrenpost.com\/ba\/wp-json\/wp\/v2\/comments?post=45310"}],"version-history":[{"count":1,"href":"https:\/\/prizrenpost.com\/ba\/wp-json\/wp\/v2\/posts\/45310\/revisions"}],"predecessor-version":[{"id":45312,"href":"https:\/\/prizrenpost.com\/ba\/wp-json\/wp\/v2\/posts\/45310\/revisions\/45312"}],"wp:featuredmedia":[{"embeddable":true,"href":"https:\/\/prizrenpost.com\/ba\/wp-json\/wp\/v2\/media\/45311"}],"wp:attachment":[{"href":"https:\/\/prizrenpost.com\/ba\/wp-json\/wp\/v2\/media?parent=45310"}],"wp:term":[{"taxonomy":"category","embeddable":true,"href":"https:\/\/prizrenpost.com\/ba\/wp-json\/wp\/v2\/categories?post=45310"},{"taxonomy":"post_tag","embeddable":true,"href":"https:\/\/prizrenpost.com\/ba\/wp-json\/wp\/v2\/tags?post=45310"}],"curies":[{"name":"wp","href":"https:\/\/api.w.org\/{rel}","templated":true}]}}