{"id":45318,"date":"2026-09-02T14:20:30","date_gmt":"2026-09-02T12:20:30","guid":{"rendered":"https:\/\/prizrenpost.com\/ba\/abdixhiku-6-deputeteve-te-ldk-se-ky-veprim-eshte-dem-vetem-per-partine\/"},"modified":"2026-09-02T14:20:33","modified_gmt":"2026-09-02T12:20:33","slug":"abdixhiku-6-deputeteve-te-ldk-se-ky-veprim-eshte-dem-vetem-per-partine","status":"publish","type":"post","link":"https:\/\/prizrenpost.com\/ba\/abdixhiku-6-deputeteve-te-ldk-se-ky-veprim-eshte-dem-vetem-per-partine\/","title":{"rendered":"Abdixhiku \u2013 6 deputet\u00ebve t\u00eb LDK-s\u00eb: Ky veprim \u00ebsht\u00eb d\u00ebm vet\u00ebm p\u00ebr partin\u00eb"},"content":{"rendered":"<p><img decoding=\"async\" src=\"https:\/\/prizrenpost.com\/ba\/wp-content\/uploads\/prizrenpost-og-526.png\" style=\"width:100%;height:auto;margin-bottom:20px\"><\/p>\n<p>Kryetari i Lidhjes Demokratike t\u00eb Kosov\u00ebs, Lumir Abdixhiku ka reaguar pas zhvillimeve t\u00eb fundit politike, duke th\u00ebn\u00eb se dje nuk \u00ebsht\u00eb refuzuar ndonj\u00eb marr\u00ebveshje qeveris\u00ebse mes LDK-s\u00eb dhe L\u00ebvizjes Vet\u00ebvendosje, pasi, sipas tij, nj\u00eb marr\u00ebveshje e till\u00eb nuk ka ekzistuar.<\/p>\n<p>N\u00eb nj\u00eb reagim t\u00eb publikuar m\u00ebngjesin e sot\u00ebm, Abdixhiku ka theksuar se LDK-ja kishte vendosur t\u00eb q\u00ebndronte n\u00eb opozit\u00eb dhe se t\u00eb gjith\u00eb deputet\u00ebt e partis\u00eb ishin pajtuar me k\u00ebt\u00eb q\u00ebndrim.<\/p>\n<p>\u201cDje nuk u refuzua asnj\u00eb marr\u00ebveshje qeveris\u00ebse me VV-n\u00eb, sepse nj\u00eb marr\u00ebveshje e till\u00eb nuk ekzistonte. LDK-ja kishte vendosur t\u00eb q\u00ebndronte n\u00eb OPOZIT\u00cb. T\u00eb gjith\u00eb deputet\u00ebt tan\u00eb ishin pajtuar me k\u00ebt\u00eb pozicion\u201d, ka shkruar Abdixhiku.<\/p>\n<p>Ai ka akuzuar se ajo q\u00eb \u00ebsht\u00eb refuzuar dje ishte zgjidhja p\u00ebr Presidentin e Kosov\u00ebs, p\u00ebrkat\u00ebsisht kandidati i propozuar nga LDK-ja.<\/p>\n<p>\u201cDje u refuzua zgjidhja e Presidentit t\u00eb Kosov\u00ebs. U refuzua votimi i kandidatit t\u00eb propozuar nga LDK-ja dhe, me k\u00ebt\u00eb refuzim, u p\u00ebrcaktua edhe fati i vendit, zgjedhje t\u00eb reja\u201d, ka deklaruar ai.<\/p>\n<p>Abdixhiku ka shprehur kritika edhe ndaj atyre q\u00eb, sipas tij, po e paraqesin k\u00ebt\u00eb zhvillim si sukses, duke paralajm\u00ebruar se pasojat do t\u00eb jen\u00eb kryesisht p\u00ebr LDK-n\u00eb.<\/p>\n<p>\u201cPor si\u00e7 ju kam th\u00ebn\u00eb n\u00eb vitin 2020, kur u verbuat dhe soll\u00ebt LDK-n\u00eb n\u00eb 12%; po ju them dhe tani, ky veprim \u00ebsht\u00eb d\u00ebm vet\u00ebm ndaj LDK-s\u00eb\u201d, ka shkruar ai.<\/p>\n<p>Kreu i LDK-s\u00eb ka th\u00ebn\u00eb se zgjedhjet e reja nuk kan\u00eb qen\u00eb pjes\u00eb e agjend\u00ebs s\u00eb partis\u00eb dhe as k\u00ebrkes\u00eb e an\u00ebtar\u00ebsis\u00eb.<\/p>\n<p>\u201cZgjedhjet e reja nuk kan\u00eb qen\u00eb agjend\u00eb e LDK-s\u00eb. Nuk kan\u00eb qen\u00eb as k\u00ebrkes\u00eb dhe as vendim i an\u00ebtar\u00ebsis\u00eb son\u00eb\u201d, ka theksuar Abdixhiku.<\/p>\n<p>Sipas tij, zgjedhjet e reja kan\u00eb qen\u00eb prej muajsh pjes\u00eb e agjend\u00ebs s\u00eb grupeve t\u00eb tjera politike, t\u00eb cilat, si\u00e7 shprehet ai, tashm\u00eb po ndikojn\u00eb edhe n\u00eb zhvillimet brenda LDK-s\u00eb.<\/p>\n<p>N\u00eb fund t\u00eb reagimit, Abdixhiku ka th\u00ebn\u00eb se, pavar\u00ebsisht zhvillimeve, nuk do t\u00eb ket\u00eb dor\u00ebzim.<\/p>\n<p>\u201cP\u00ebr k\u00ebt\u00eb ndiej vet\u00ebm keqardhje! Por jo dor\u00ebzim. Jemi shum\u00eb. Jemi n\u00eb t\u00eb drejt\u00eb. E kemi detyrim. Republika megjithat\u00eb do t\u00eb triumfoj\u00eb!\u201d, ka p\u00ebrfunduar ai.<\/p>\n<p>Ndryshe, t\u00eb mart\u00ebn, Avdullah Hoti, Hykmete Bajrami, Arben Gashi, Janina Ymeri, Armend Zemaj e Kujtim Shala dol\u00ebn kund\u00ebr marr\u00ebveshjes q\u00eb kryetari i k\u00ebtij subjekti e arriti me Vet\u00ebvendosjen p\u00ebr t\u00eb propozuar Bekim Sejdiun p\u00ebr president.<\/p>\n<hr style=\"margin:30px 0\">\n<p style=\"font-size:13px;color:#666\">Izvor: <strong>prizrenpost<\/strong><\/p>\n","protected":false},"excerpt":{"rendered":"<p>Kryetari i Lidhjes Demokratike t\u00eb Kosov\u00ebs, Lumir Abdixhiku ka reaguar pas zhvillimeve t\u00eb fundit politike, duke th\u00ebn\u00eb se dje nuk \u00ebsht\u00eb refuzuar ndonj\u00eb marr\u00ebveshje qeveris\u00ebse mes LDK-s\u00eb dhe L\u00ebvizjes Vet\u00ebvendosje, pasi, sipas tij, nj\u00eb marr\u00ebveshje e till\u00eb nuk ka ekzistuar. N\u00eb nj\u00eb reagim t\u00eb publikuar m\u00ebngjesin e sot\u00ebm, Abdixhiku ka theksuar se LDK-ja kishte vendosur [&hellip;]<\/p>\n","protected":false},"author":1,"featured_media":45319,"comment_status":"open","ping_status":"open","sticky":false,"template":"","format":"standard","meta":{"footnotes":""},"categories":[14],"tags":[456],"class_list":["post-45318","post","type-post","status-publish","format-standard","has-post-thumbnail","hentry","category-nacionalne","tag-aktualnost"],"views":4,"_links":{"self":[{"href":"https:\/\/prizrenpost.com\/ba\/wp-json\/wp\/v2\/posts\/45318","targetHints":{"allow":["GET"]}}],"collection":[{"href":"https:\/\/prizrenpost.com\/ba\/wp-json\/wp\/v2\/posts"}],"about":[{"href":"https:\/\/prizrenpost.com\/ba\/wp-json\/wp\/v2\/types\/post"}],"author":[{"embeddable":true,"href":"https:\/\/prizrenpost.com\/ba\/wp-json\/wp\/v2\/users\/1"}],"replies":[{"embeddable":true,"href":"https:\/\/prizrenpost.com\/ba\/wp-json\/wp\/v2\/comments?post=45318"}],"version-history":[{"count":1,"href":"https:\/\/prizrenpost.com\/ba\/wp-json\/wp\/v2\/posts\/45318\/revisions"}],"predecessor-version":[{"id":45320,"href":"https:\/\/prizrenpost.com\/ba\/wp-json\/wp\/v2\/posts\/45318\/revisions\/45320"}],"wp:featuredmedia":[{"embeddable":true,"href":"https:\/\/prizrenpost.com\/ba\/wp-json\/wp\/v2\/media\/45319"}],"wp:attachment":[{"href":"https:\/\/prizrenpost.com\/ba\/wp-json\/wp\/v2\/media?parent=45318"}],"wp:term":[{"taxonomy":"category","embeddable":true,"href":"https:\/\/prizrenpost.com\/ba\/wp-json\/wp\/v2\/categories?post=45318"},{"taxonomy":"post_tag","embeddable":true,"href":"https:\/\/prizrenpost.com\/ba\/wp-json\/wp\/v2\/tags?post=45318"}],"curies":[{"name":"wp","href":"https:\/\/api.w.org\/{rel}","templated":true}]}}