{"id":45327,"date":"2026-09-02T18:45:46","date_gmt":"2026-09-02T16:45:46","guid":{"rendered":"https:\/\/prizrenpost.com\/ba\/18-srpskih-sudija-koje-su-podnele-ostavku-2022-godine-oslobodjeno-je-duznosti\/"},"modified":"2026-09-02T18:45:47","modified_gmt":"2026-09-02T16:45:47","slug":"18-srpskih-sudija-koje-su-podnele-ostavku-2022-godine-oslobodjeno-je-duznosti","status":"publish","type":"post","link":"https:\/\/prizrenpost.com\/ba\/18-srpskih-sudija-koje-su-podnele-ostavku-2022-godine-oslobodjeno-je-duznosti\/","title":{"rendered":"18 srpskih sudija koje su podnele ostavku 2022. godine oslobo\u0111eno je du\u017enosti"},"content":{"rendered":"<p><img decoding=\"async\" src=\"https:\/\/prizrenpost.com\/ba\/wp-content\/uploads\/0877c4ea-e5f7-4121-b704-5377058fa142.jpg\" style=\"width:100%;height:auto;margin-bottom:20px\"><\/p>\n<p>Vd predsednice Albulena Had\u017eiju najavila je osloba\u0111anje 18 srpskih sudija koji su podneli ostavke 2022. godine.<\/p>\n<p>\u201eNa predlog Sudskog saveta Kosova, u skladu sa ustavnim i zakonskim obavezama, danas sam razre\u0161io du\u017enosti 18 srpskih sudija koji su podneli ostavke 2022. godine\u201c, napisao je na Fejsbuku 20. avgusta.<\/p>\n<p> Sudski savet Kosova je 27. odbio zahtev sudija i osoblja iz srpske zajednice da 2022. godine povuku ostavke iz pravosudnog sistema. SSK je predlo\u017eio Had\u017eijuu osloba\u0111anje ovih sudija od du\u017enosti.<\/p>\n<p>Nakon odluke SSK-a, Evropska unija je tako\u0111e reagovala, izra\u017eavaju\u0107i \u017ealjenje na zahtev EU &#8220;<\/p>\n<p>&#8220;. reintegracija sudija i tu\u017eilaca. Ostavka Srbije bi\u0107e re\u0161ena u okviru dijaloga.<\/p>\n<p>Tako\u0111er.<br \/>\nSSK tra\u017ei od Had\u017eijua da oslobodi srpske sudije u ostavci<br \/>\nVE\u010cERNJE VIJESTI 27.08.2026<br \/>\nSSK tra\u017ei od Had\u017eijua da oslobodi srpske sudije u ostavci<br \/>\nPred SSK-om istu odluku je doneo i Tu\u017eila\u010dki savet.<\/p>\n<p>Oko 130 sudija, tu\u017eilaca i administrativnih slu\u017ebenika pravosudnog sistema podnelo je ostavke krajem novembra 2022. godine, u kontekstu kolektivnog odlaska Srba iz kosovskih institucija u \u010detiri op\u0161tine na severu zemlje.<\/p>\n<hr style=\"margin:30px 0\">\n<p style=\"font-size:13px;color:#666\">Izvor: <strong>prizrenpost<\/strong><\/p>\n","protected":false},"excerpt":{"rendered":"<p>Vd predsednice Albulena Had\u017eiju najavila je osloba\u0111anje 18 srpskih sudija koji su podneli ostavke 2022. godine. \u201eNa predlog Sudskog saveta Kosova, u skladu sa ustavnim i zakonskim obavezama, danas sam razre\u0161io du\u017enosti 18 srpskih sudija koji su podneli ostavke 2022. godine\u201c, napisao je na Fejsbuku 20. avgusta. Sudski savet Kosova je 27. odbio zahtev sudija [&hellip;]<\/p>\n","protected":false},"author":1,"featured_media":45328,"comment_status":"open","ping_status":"open","sticky":false,"template":"","format":"standard","meta":{"footnotes":""},"categories":[14],"tags":[456],"class_list":["post-45327","post","type-post","status-publish","format-standard","has-post-thumbnail","hentry","category-nacionalne","tag-aktualnost"],"views":7,"_links":{"self":[{"href":"https:\/\/prizrenpost.com\/ba\/wp-json\/wp\/v2\/posts\/45327","targetHints":{"allow":["GET"]}}],"collection":[{"href":"https:\/\/prizrenpost.com\/ba\/wp-json\/wp\/v2\/posts"}],"about":[{"href":"https:\/\/prizrenpost.com\/ba\/wp-json\/wp\/v2\/types\/post"}],"author":[{"embeddable":true,"href":"https:\/\/prizrenpost.com\/ba\/wp-json\/wp\/v2\/users\/1"}],"replies":[{"embeddable":true,"href":"https:\/\/prizrenpost.com\/ba\/wp-json\/wp\/v2\/comments?post=45327"}],"version-history":[{"count":1,"href":"https:\/\/prizrenpost.com\/ba\/wp-json\/wp\/v2\/posts\/45327\/revisions"}],"predecessor-version":[{"id":45329,"href":"https:\/\/prizrenpost.com\/ba\/wp-json\/wp\/v2\/posts\/45327\/revisions\/45329"}],"wp:featuredmedia":[{"embeddable":true,"href":"https:\/\/prizrenpost.com\/ba\/wp-json\/wp\/v2\/media\/45328"}],"wp:attachment":[{"href":"https:\/\/prizrenpost.com\/ba\/wp-json\/wp\/v2\/media?parent=45327"}],"wp:term":[{"taxonomy":"category","embeddable":true,"href":"https:\/\/prizrenpost.com\/ba\/wp-json\/wp\/v2\/categories?post=45327"},{"taxonomy":"post_tag","embeddable":true,"href":"https:\/\/prizrenpost.com\/ba\/wp-json\/wp\/v2\/tags?post=45327"}],"curies":[{"name":"wp","href":"https:\/\/api.w.org\/{rel}","templated":true}]}}