{"id":32948,"date":"2026-04-25T00:10:25","date_gmt":"2026-04-24T22:10:25","guid":{"rendered":"https:\/\/prizrenpost.com\/en\/kearns-demands-that-the-leaders-be-punished-now-they-are-in-the-serbian-government-and-some-are-hiding-from-them\/"},"modified":"2026-04-25T00:10:29","modified_gmt":"2026-04-24T22:10:29","slug":"kearns-demands-that-the-leaders-be-punished-now-they-are-in-the-serbian-government-and-some-are-hiding-from-them","status":"publish","type":"post","link":"https:\/\/prizrenpost.com\/en\/kearns-demands-that-the-leaders-be-punished-now-they-are-in-the-serbian-government-and-some-are-hiding-from-them\/","title":{"rendered":"Kearns demands that the leaders be punished now: They are in the Serbian government and some are hiding from them"},"content":{"rendered":"<p><img decoding=\"async\" src=\"https:\/\/prizrenpost.com\/en\/wp-content\/uploads\/2026\/04\/IMG_6207.jpeg\" style=\"width:100%;height:auto;margin-bottom:20px\"><\/p>\n<p>Yesterday, the Basic Court in Pristina sentenced Bllagoje Spasojevi\u0107 and Vladimir Tolli\u0107 to life imprisonment for the case in Banjska, while Dushan Maksimovi\u0107 was sentenced to 30 years in prison.<\/p>\n<p>The British MP Alicia Kearns reacted to this, asking that the &#8220;main leaders&#8221; of the terrorist attack be punished now.<\/p>\n<p>&#8220;Now, please, the main leaders. You&#8217;ll find them within the Serbian Government, and others being hidden and protected by the Serbian Government&#8221;, she wrote.<\/p>\n<p>You&#8217;ll find them within the Serbian Government, and others being hidden and protected by the Serbian Government. https:\/\/t.co\/kEPGTPTfxx<\/p>\n<p>\u2014 Alicia Kearns MP (@aliciakearns) April 24, 2026<\/p>\n<p>We use cookies to improve the experience and to display ads (Google AdSense).<br \/>\n          By clicking &#8220;Accept&#8221;, you agree to the use of cookies according to<br \/>\n          Privacy Policy<br \/>\n          and<br \/>\n          Cookies Policy.<br \/>\n          You can reject non-necessary cookies by clicking &#8220;Reject&#8221;.<\/p>\n<hr style=\"margin:30px 0\">\n<p style=\"font-size:13px;color:#666\">Source: <strong>prizrenpost<\/strong><\/p>\n","protected":false},"excerpt":{"rendered":"<p>Yesterday, the Basic Court in Pristina sentenced Bllagoje Spasojevi\u0107 and Vladimir Tolli\u0107 to life imprisonment for the case in Banjska, while Dushan Maksimovi\u0107 was sentenced to 30 years in prison. The British MP Alicia Kearns reacted to this, asking that the &#8220;main leaders&#8221; of the terrorist attack be punished now. &#8220;Now, please, the main leaders. [&hellip;]<\/p>\n","protected":false},"author":1,"featured_media":32949,"comment_status":"open","ping_status":"open","sticky":false,"template":"","format":"standard","meta":{"footnotes":""},"categories":[14],"tags":[666],"class_list":["post-32948","post","type-post","status-publish","format-standard","has-post-thumbnail","hentry","category-national","tag-brief"],"views":12,"_links":{"self":[{"href":"https:\/\/prizrenpost.com\/en\/wp-json\/wp\/v2\/posts\/32948","targetHints":{"allow":["GET"]}}],"collection":[{"href":"https:\/\/prizrenpost.com\/en\/wp-json\/wp\/v2\/posts"}],"about":[{"href":"https:\/\/prizrenpost.com\/en\/wp-json\/wp\/v2\/types\/post"}],"author":[{"embeddable":true,"href":"https:\/\/prizrenpost.com\/en\/wp-json\/wp\/v2\/users\/1"}],"replies":[{"embeddable":true,"href":"https:\/\/prizrenpost.com\/en\/wp-json\/wp\/v2\/comments?post=32948"}],"version-history":[{"count":1,"href":"https:\/\/prizrenpost.com\/en\/wp-json\/wp\/v2\/posts\/32948\/revisions"}],"predecessor-version":[{"id":32950,"href":"https:\/\/prizrenpost.com\/en\/wp-json\/wp\/v2\/posts\/32948\/revisions\/32950"}],"wp:featuredmedia":[{"embeddable":true,"href":"https:\/\/prizrenpost.com\/en\/wp-json\/wp\/v2\/media\/32949"}],"wp:attachment":[{"href":"https:\/\/prizrenpost.com\/en\/wp-json\/wp\/v2\/media?parent=32948"}],"wp:term":[{"taxonomy":"category","embeddable":true,"href":"https:\/\/prizrenpost.com\/en\/wp-json\/wp\/v2\/categories?post=32948"},{"taxonomy":"post_tag","embeddable":true,"href":"https:\/\/prizrenpost.com\/en\/wp-json\/wp\/v2\/tags?post=32948"}],"curies":[{"name":"wp","href":"https:\/\/api.w.org\/{rel}","templated":true}]}}