{"id":47684,"date":"2026-08-30T14:00:27","date_gmt":"2026-08-30T12:00:27","guid":{"rendered":"https:\/\/prizrenpost.com\/en\/zbulohet-lapidari-per-triumf-rizen-kurti-drejtesia-per-vrasjen-e-tij-duhet-te-jete-e-plote\/"},"modified":"2026-08-30T14:00:31","modified_gmt":"2026-08-30T12:00:31","slug":"zbulohet-lapidari-per-triumf-rizen-kurti-drejtesia-per-vrasjen-e-tij-duhet-te-jete-e-plote","status":"publish","type":"post","link":"https:\/\/prizrenpost.com\/en\/zbulohet-lapidari-per-triumf-rizen-kurti-drejtesia-per-vrasjen-e-tij-duhet-te-jete-e-plote\/","title":{"rendered":"Zbulohet lapidari p\u00ebr Triumf Riz\u00ebn, Kurti: Drejt\u00ebsia p\u00ebr vrasjen e tij duhet t\u00eb jet\u00eb e plot\u00eb"},"content":{"rendered":"<p><img decoding=\"async\" src=\"https:\/\/prizrenpost.com\/en\/wp-content\/uploads\/2026\/08\/prizrenpost-og-150.png\" style=\"width:100%;height:auto;margin-bottom:20px\"><\/p>\n<p>N\u00eb lagjen \u201cDardania\u201d n\u00eb Prishtin\u00eb \u00ebsht\u00eb zbuluar sot lapidari p\u00ebrkujtimor i policit Triumf Riza, n\u00eb 19-vjetorin e vrasjes s\u00eb tij n\u00eb krye t\u00eb detyr\u00ebs.<\/p>\n<p>N\u00eb ceremonin\u00eb p\u00ebrkujtimore mor\u00ebn pjes\u00eb kryeministri n\u00eb detyr\u00eb Albin Kurti, i cili p\u00ebrkujtoi Triumf Riz\u00ebn si nj\u00eb zyrtar policor t\u00eb p\u00ebrkushtuar dhe k\u00ebrkoi q\u00eb drejt\u00ebsia p\u00ebr vrasjen e tij t\u00eb jet\u00eb e plot\u00eb.<\/p>\n<p>\u201cKjo \u00ebsht\u00eb nj\u00eb prej m\u00ebnyrave m\u00eb t\u00eb denja p\u00ebr ta nderuar Triumf Riz\u00ebn, duke vazhduar pun\u00ebn q\u00eb ai e b\u00ebri me p\u00ebrkushtim dhe duke mos lejuar q\u00eb kriminaliteti t\u00eb diktoj\u00eb autoritetin e institucioneve. Por sot, krahas kujtimit dhe dhimbjes p\u00ebr humbjen e tij, duhet t\u00eb flasim edhe p\u00ebr nevoj\u00ebn q\u00eb drejt\u00ebsia p\u00ebr vrasjen e Triumfit t\u00eb jet\u00eb e plot\u00eb. P\u00ebrgjegj\u00ebsia duhet t\u00eb shkoj\u00eb deri te \u00e7do person q\u00eb ka pasur rol n\u00eb k\u00ebt\u00eb vrasje, nga ekzekutori tek kushdo q\u00eb mund t\u00eb ket\u00eb urdh\u00ebruar, organizuar, ndihmuar apo mund\u00ebsuar at\u00eb. Kujtimi i Triumfit le t\u00eb sh\u00ebrbej\u00eb si thirrje p\u00ebr institucione t\u00eb forta, p\u00ebr drejt\u00ebsi t\u00eb paanshme dhe p\u00ebr p\u00ebrgjegj\u00ebsi t\u00eb plot\u00eb\u201d, tha ai.<\/p>\n<p>Babai i Triumf Riz\u00ebs, Shefqet Riza fal\u00ebnderoi institucionet p\u00ebr nderimin e djalit t\u00eb tij dhe tha se ceremonia ka nj\u00eb r\u00ebnd\u00ebsi t\u00eb ve\u00e7ant\u00eb p\u00ebr familjen.<\/p>\n<p>\u201cKy \u00ebsht\u00eb nj\u00eb nderim tep\u00ebr i madh p\u00ebr familjen. Dhimbjen pamas\u00eb na e keni zbutur. Un\u00eb fal\u00ebnderoj pik\u00ebrisht kryeministrin Albin Kurti. Ministrin e Pun\u00ebve t\u00eb Brendshme, Xhelal Sve\u00e7l\u00ebn. Drejtorin e Policis\u00eb s\u00eb Kosov\u00ebs. Un\u00eb m\u00eb pleq\u00ebri, m\u00eb shum\u00eb kam pun\u00eb. Ju fal\u00ebnderoj shum\u00eb, \u00ebsht\u00eb nj\u00eb nderim i jasht\u00ebzakonsh\u00ebm n\u00eb m\u00ebnyr\u00eb shtet\u00ebrore, me b\u00ebr\u00eb nj\u00eb nderim kaq t\u00eb madh nj\u00eb polici. Megjith\u00ebse, un\u00eb s\u2019kam \u00e7far\u00eb t\u2019i shtoj fjal\u00ebve t\u00eb juve, ato ishin brilante p\u00ebr nj\u00eb figur\u00eb t\u00eb nj\u00eb polici, edhe faktikisht, un\u00eb po e ndiej veten mir\u00eb q\u00eb kjo qeveri kaq mir\u00eb i ka kuptuar problemet\u201d, theksoi ai.<\/p>\n<p>Shefqet Riza ngriti gjithashtu shqet\u00ebsime p\u00ebr procesin gjyq\u00ebsor lidhur me vrasjen e djalit t\u00eb tij, duke kritikuar m\u00ebnyr\u00ebn se si \u00ebsht\u00eb trajtuar rasti nd\u00ebr vite.<\/p>\n<p>Ministri n\u00eb detyr\u00eb i Pun\u00ebve t\u00eb Brendshme, Xhelal Sve\u00e7la, foli p\u00ebr guximin dhe vendosm\u00ebrin\u00eb e Riz\u00ebs n\u00eb luft\u00ebn kund\u00ebr grupeve kriminale dhe tha se sakrifica e tij duhet t\u00eb jet\u00eb shembull p\u00ebr brezat e rinj.<\/p>\n<p>\u201cP\u00ebr koleg\u00ebt e tij dhe p\u00ebr t\u00eb gjith\u00eb ata q\u00eb e njoh\u00ebn, Triumfi ishte mish\u00ebrim i guximit dhe i vendosm\u00ebris\u00eb. Me q\u00ebndrimin e tij, ai d\u00ebshmoi se Policia e Kosov\u00ebs nuk t\u00ebrhiqet dhe nuk b\u00ebn kompromis me bandat dhe grupet kriminale, edhe at\u00ebher\u00eb kur mbrojtja e rendit dhe ligjit k\u00ebrkon sakrific\u00ebn m\u00eb t\u00eb madhe. Ky \u00ebsht\u00eb misioni yn\u00eb i p\u00ebrditsh\u00ebm. Si institucione t\u00eb Republik\u00ebs s\u00eb Kosov\u00ebs, kemi punuar dhe kemi arritur rezultate t\u00eb jasht\u00ebzakonshme n\u00eb luft\u00ebn kund\u00ebr krimit t\u00eb organizuar, n\u00eb goditjen e grupeve kriminale dhe n\u00eb fuqizimin e autoritetit t\u00eb ligjit\u201d, theksoi ai.<\/p>\n<p>Nd\u00ebrsa, drejtori i P\u00ebrgjithsh\u00ebm i Policis\u00eb s\u00eb Kosov\u00ebs, Gazmend Hoxha, kujtoi figur\u00ebn e Riz\u00ebs dhe theksoi se, pavar\u00ebsisht vrasjes s\u00eb tij, emri dhe kujtimi p\u00ebr t\u00eb nuk jan\u00eb shuar.<\/p>\n<p>\u201cAta mund\u00ebn t\u2019ia marrin jet\u00ebn, por nuk mund\u00ebn t\u2019ia shuajn\u00eb emrin dhe as kujtimin q\u00eb la pas. Sot, 19 vite m\u00eb von\u00eb, ne jemi k\u00ebtu. Nuk jemi k\u00ebtu vet\u00ebm p\u00ebr t\u00eb kujtuar nj\u00eb dat\u00eb, jemi k\u00ebtu p\u00ebr t\u00eb nderuar nj\u00eb jet\u00eb, nj\u00eb em\u00ebr, nj\u00eb sakrific\u00eb q\u00eb nuk duhet t\u00eb harrohet kurr\u00eb\u201d, u shpreh Hoxha.<\/p>\n<p>Sipa tij, emri i Riz\u00ebs duhet t\u00eb mbetet pjes\u00eb e kujtes\u00ebs s\u00eb p\u00ebrbashk\u00ebt dhe e historis\u00eb s\u00eb Policis\u00eb s\u00eb Kosov\u00ebs.<\/p>\n<p>Ndryshe. Gjykata Themelore e Prishtin\u00ebs, m\u00eb 3 maj 2024 e ka d\u00ebnuar Enver Sekiraq\u00ebn me 25 vjet burgim, p\u00ebr shtytje n\u00eb vrasjen e pjes\u00ebtarit t\u00eb Policis\u00eb s\u00eb Kosov\u00ebs, Triumf Riza.<\/p>\n<p>Sekiraqa ishte d\u00ebnuar dy her\u00eb me burgim p\u00ebr t\u00eb nj\u00ebjtat akuza n\u00eb t\u00eb kaluar\u00ebn, n\u00eb vitin 2016 me 37 vjet burgim, nd\u00ebrsa m\u00eb 2019 me 30 vjet burgim, por Apeli i rr\u00ebzoi secilin prej atyre d\u00ebnimeve duke e kthyer dhe rikthyer rastin n\u00eb rigjykim.<\/p>\n<p>M\u00eb her\u00ebt, gjykata e ka d\u00ebnuar Arben Berish\u00ebn, autorin e vrasjes s\u00eb Triumf Riz\u00ebs, me 35 vjet burgim.<\/p>\n<p>Triumf Riza u vra m\u00eb 30 gusht 2007 n\u00eb lagjen \u201cDardania\u201d n\u00eb Prishtin\u00eb, gjat\u00eb koh\u00ebs sa ishte n\u00eb krye t\u00eb detyr\u00ebs si pjes\u00ebtar i Policis\u00eb s\u00eb Kosov\u00ebs.<\/p>\n<hr style=\"margin:30px 0\">\n<p style=\"font-size:13px;color:#666\">Source: <strong>prizrenpost<\/strong><\/p>\n","protected":false},"excerpt":{"rendered":"<p>N\u00eb lagjen \u201cDardania\u201d n\u00eb Prishtin\u00eb \u00ebsht\u00eb zbuluar sot lapidari p\u00ebrkujtimor i policit Triumf Riza, n\u00eb 19-vjetorin e vrasjes s\u00eb tij n\u00eb krye t\u00eb detyr\u00ebs. N\u00eb ceremonin\u00eb p\u00ebrkujtimore mor\u00ebn pjes\u00eb kryeministri n\u00eb detyr\u00eb Albin Kurti, i cili p\u00ebrkujtoi Triumf Riz\u00ebn si nj\u00eb zyrtar policor t\u00eb p\u00ebrkushtuar dhe k\u00ebrkoi q\u00eb drejt\u00ebsia p\u00ebr vrasjen e tij t\u00eb jet\u00eb [&hellip;]<\/p>\n","protected":false},"author":1,"featured_media":47685,"comment_status":"open","ping_status":"open","sticky":false,"template":"","format":"standard","meta":{"footnotes":""},"categories":[14],"tags":[666],"class_list":["post-47684","post","type-post","status-publish","format-standard","has-post-thumbnail","hentry","category-national","tag-brief"],"views":27,"_links":{"self":[{"href":"https:\/\/prizrenpost.com\/en\/wp-json\/wp\/v2\/posts\/47684","targetHints":{"allow":["GET"]}}],"collection":[{"href":"https:\/\/prizrenpost.com\/en\/wp-json\/wp\/v2\/posts"}],"about":[{"href":"https:\/\/prizrenpost.com\/en\/wp-json\/wp\/v2\/types\/post"}],"author":[{"embeddable":true,"href":"https:\/\/prizrenpost.com\/en\/wp-json\/wp\/v2\/users\/1"}],"replies":[{"embeddable":true,"href":"https:\/\/prizrenpost.com\/en\/wp-json\/wp\/v2\/comments?post=47684"}],"version-history":[{"count":1,"href":"https:\/\/prizrenpost.com\/en\/wp-json\/wp\/v2\/posts\/47684\/revisions"}],"predecessor-version":[{"id":47686,"href":"https:\/\/prizrenpost.com\/en\/wp-json\/wp\/v2\/posts\/47684\/revisions\/47686"}],"wp:featuredmedia":[{"embeddable":true,"href":"https:\/\/prizrenpost.com\/en\/wp-json\/wp\/v2\/media\/47685"}],"wp:attachment":[{"href":"https:\/\/prizrenpost.com\/en\/wp-json\/wp\/v2\/media?parent=47684"}],"wp:term":[{"taxonomy":"category","embeddable":true,"href":"https:\/\/prizrenpost.com\/en\/wp-json\/wp\/v2\/categories?post=47684"},{"taxonomy":"post_tag","embeddable":true,"href":"https:\/\/prizrenpost.com\/en\/wp-json\/wp\/v2\/tags?post=47684"}],"curies":[{"name":"wp","href":"https:\/\/api.w.org\/{rel}","templated":true}]}}