{"id":47696,"date":"2026-08-30T16:15:29","date_gmt":"2026-08-30T14:15:29","guid":{"rendered":"https:\/\/prizrenpost.com\/en\/haxhiu-jane-edhe-mbi-1500-persona-te-zhdukur-me-dhune-gjate-luftes\/"},"modified":"2026-08-30T16:15:33","modified_gmt":"2026-08-30T14:15:33","slug":"haxhiu-jane-edhe-mbi-1500-persona-te-zhdukur-me-dhune-gjate-luftes","status":"publish","type":"post","link":"https:\/\/prizrenpost.com\/en\/haxhiu-jane-edhe-mbi-1500-persona-te-zhdukur-me-dhune-gjate-luftes\/","title":{"rendered":"Haxhiu: Jan\u00eb edhe mbi 1,500 persona t\u00eb zhdukur me dhun\u00eb gjat\u00eb luft\u00ebs"},"content":{"rendered":"<p><img decoding=\"async\" src=\"https:\/\/prizrenpost.com\/en\/wp-content\/uploads\/2026\/08\/prizrenpost-og-152.png\" style=\"width:100%;height:auto;margin-bottom:20px\"><\/p>\n<p>Ushtruesja e detyr\u00ebs s\u00eb presidentes s\u00eb Kosov\u00ebs, Albulena Haxhiu, dhe kryeministri n\u00eb detyr\u00eb, Albin Kurti, kan\u00eb b\u00ebr\u00eb homazhe te Memoriali i Personave t\u00eb Zhdukur, me rastin e Dit\u00ebs Nd\u00ebrkomb\u00ebtare t\u00eb Personave t\u00eb Zhdukur me Dhun\u00eb.<\/p>\n<p>Gjat\u00eb homazheve, Haxhiu ka deklaruar se ende jan\u00eb mbi 1,500 persona t\u00eb zhdukur me dhun\u00eb gjat\u00eb luft\u00ebs s\u00eb fundit n\u00eb Kosov\u00eb.<\/p>\n<p>Sipas Haxhiut, k\u00ebrkimet p\u00ebr personat e zhdukur nuk jan\u00eb ndalur dhe procesi do t\u00eb vazhdoj\u00eb deri n\u00eb gjetjen e personit t\u00eb fundit.<\/p>\n<p>\u201cSot, n\u00eb Dit\u00ebn Nd\u00ebrkomb\u00ebtare t\u00eb Personave t\u00eb Zhdukur me Dhun\u00eb gjat\u00eb luft\u00ebs s\u00eb fundit n\u00eb Kosov\u00eb, mendimet tona jan\u00eb pran\u00eb familjar\u00ebve t\u00eb cil\u00ebt p\u00ebr af\u00ebr tre dekadash presin p\u00ebrgjigje p\u00ebr m\u00eb t\u00eb dashurit e tyre. Jan\u00eb edhe mbi 1,500 persona t\u00eb zhdukur me dhun\u00eb gjat\u00eb luft\u00ebs, t\u00eb cil\u00ebt ende nuk jan\u00eb gjetur. P\u00ebr familjet pritja vazhdon, nd\u00ebrsa p\u00ebr Republik\u00ebn e Kosov\u00ebs ende vazhdon t\u00eb jet\u00eb nj\u00eb kapitull i hapur i cili nuk do t\u00eb mbyll\u00ebt deri sa t\u00eb gjendet edhe personi i fundit. K\u00ebrkimet nuk jan\u00eb ndalur dhe jan\u00eb gjetur mbetje mortore\u201d, ka th\u00ebn\u00eb ajo.<\/p>\n<p>Ajo ka rikujtuar se gjat\u00eb muajit t\u00eb fundit, n\u00eb Kallud\u00ebr dhe Jabuk\u00eb t\u00eb Zubin Potokut, jan\u00eb gjetur mbetje mortore t\u00eb s\u00eb paku 23 personave.<\/p>\n<p>\u201cK\u00ebrkimet nuk jan\u00eb ndalur dhe jan\u00eb gjetur mbetje mortore. Vet\u00ebm n\u00eb muajin e fundit n\u00eb Kallud\u00ebr dhe Jabuk\u00eb t\u00eb Zubin Potokut jan\u00eb gjetur mbetje mortore t\u00eb s\u00eb paku 23 personave\u201d, ka p\u00ebrfunduar Haxhiu.<\/p>\n<hr style=\"margin:30px 0\">\n<p style=\"font-size:13px;color:#666\">Source: <strong>prizrenpost<\/strong><\/p>\n","protected":false},"excerpt":{"rendered":"<p>Ushtruesja e detyr\u00ebs s\u00eb presidentes s\u00eb Kosov\u00ebs, Albulena Haxhiu, dhe kryeministri n\u00eb detyr\u00eb, Albin Kurti, kan\u00eb b\u00ebr\u00eb homazhe te Memoriali i Personave t\u00eb Zhdukur, me rastin e Dit\u00ebs Nd\u00ebrkomb\u00ebtare t\u00eb Personave t\u00eb Zhdukur me Dhun\u00eb. Gjat\u00eb homazheve, Haxhiu ka deklaruar se ende jan\u00eb mbi 1,500 persona t\u00eb zhdukur me dhun\u00eb gjat\u00eb luft\u00ebs s\u00eb fundit n\u00eb [&hellip;]<\/p>\n","protected":false},"author":1,"featured_media":47697,"comment_status":"open","ping_status":"open","sticky":false,"template":"","format":"standard","meta":{"footnotes":""},"categories":[14],"tags":[666],"class_list":["post-47696","post","type-post","status-publish","format-standard","has-post-thumbnail","hentry","category-national","tag-brief"],"views":27,"_links":{"self":[{"href":"https:\/\/prizrenpost.com\/en\/wp-json\/wp\/v2\/posts\/47696","targetHints":{"allow":["GET"]}}],"collection":[{"href":"https:\/\/prizrenpost.com\/en\/wp-json\/wp\/v2\/posts"}],"about":[{"href":"https:\/\/prizrenpost.com\/en\/wp-json\/wp\/v2\/types\/post"}],"author":[{"embeddable":true,"href":"https:\/\/prizrenpost.com\/en\/wp-json\/wp\/v2\/users\/1"}],"replies":[{"embeddable":true,"href":"https:\/\/prizrenpost.com\/en\/wp-json\/wp\/v2\/comments?post=47696"}],"version-history":[{"count":1,"href":"https:\/\/prizrenpost.com\/en\/wp-json\/wp\/v2\/posts\/47696\/revisions"}],"predecessor-version":[{"id":47698,"href":"https:\/\/prizrenpost.com\/en\/wp-json\/wp\/v2\/posts\/47696\/revisions\/47698"}],"wp:featuredmedia":[{"embeddable":true,"href":"https:\/\/prizrenpost.com\/en\/wp-json\/wp\/v2\/media\/47697"}],"wp:attachment":[{"href":"https:\/\/prizrenpost.com\/en\/wp-json\/wp\/v2\/media?parent=47696"}],"wp:term":[{"taxonomy":"category","embeddable":true,"href":"https:\/\/prizrenpost.com\/en\/wp-json\/wp\/v2\/categories?post=47696"},{"taxonomy":"post_tag","embeddable":true,"href":"https:\/\/prizrenpost.com\/en\/wp-json\/wp\/v2\/tags?post=47696"}],"curies":[{"name":"wp","href":"https:\/\/api.w.org\/{rel}","templated":true}]}}