{"id":47699,"date":"2026-08-30T19:30:23","date_gmt":"2026-08-30T17:30:23","guid":{"rendered":"https:\/\/prizrenpost.com\/en\/pese-kadete-nga-kosova-kryen-akademine-ushtarake-te-turqise-maqedonci-investim-ne-te-ardhmen-e-fsk-se\/"},"modified":"2026-08-30T19:30:28","modified_gmt":"2026-08-30T17:30:28","slug":"pese-kadete-nga-kosova-kryen-akademine-ushtarake-te-turqise-maqedonci-investim-ne-te-ardhmen-e-fsk-se","status":"publish","type":"post","link":"https:\/\/prizrenpost.com\/en\/pese-kadete-nga-kosova-kryen-akademine-ushtarake-te-turqise-maqedonci-investim-ne-te-ardhmen-e-fsk-se\/","title":{"rendered":"\u200bPes\u00eb kadet\u00eb nga Kosova kryen Akademin\u00eb Ushtarake t\u00eb Turqis\u00eb, Maqedonci: Investim n\u00eb t\u00eb ardhmen e FSK-s\u00eb"},"content":{"rendered":"<p><img decoding=\"async\" src=\"https:\/\/prizrenpost.com\/en\/wp-content\/uploads\/2026\/08\/prizrenpost-og-153.png\" style=\"width:100%;height:auto;margin-bottom:20px\"><\/p>\n<p>Ministri n\u00eb detyr\u00eb i Mbrojtjes, Ejup Maqedonci, sot para fillimit t\u00eb ceremonis\u00eb s\u00eb diplomimit n\u00eb Akademin\u00eb Ushtarake t\u00eb Forcave t\u00eb Armatosura t\u00eb Republik\u00ebs s\u00eb Turqis\u00eb, takoi kadet\u00ebt nga Kosova, t\u00eb cil\u00ebt p\u00ebrfunduan me sukses shkollimin n\u00eb k\u00ebt\u00eb akademi prestigjioze.<\/p>\n<p>Me k\u00ebt\u00eb rast, ministri Maqedonci uroi n\u00ebntoger\u00ebt Ramadan Rexha, Gjergj Dreni, Altin Salihaj, Elm\u00eb Ramadani dhe Admirim Ismajli p\u00ebr p\u00ebrfundimin me sukses t\u00eb pes\u00eb viteve t\u00eb shkollimit, p\u00ebrfshir\u00eb nj\u00eb vit t\u00eb kursit p\u00ebrgatitor t\u00eb gjuh\u00ebs turke dhe kat\u00ebr vite t\u00eb studimeve ushtarake.<\/p>\n<p>\u201cMinistria e Mbrojtjes dhe Forca e Siguris\u00eb s\u00eb Kosov\u00ebs, krahas zhvillimit t\u00eb kapaciteteve dhe modernizimit t\u00eb forc\u00ebs, kan\u00eb n\u00eb fokus t\u00eb ve\u00e7ant\u00eb arsimimin, edukimin dhe zhvillimin profesional t\u00eb personelit. Investimi n\u00eb kuadro t\u00eb mir\u00ebfillta ushtarake \u00ebsht\u00eb investim n\u00eb t\u00eb ardhmen e FSK-s\u00eb dhe n\u00eb nd\u00ebrtimin e nj\u00eb force moderne, profesionale dhe t\u00eb nd\u00ebrveprueshme me ushtrit\u00eb e vendeve partnere.<\/p>\n<p>Shkollimi i oficer\u00ebve t\u00eb FSK-s\u00eb n\u00eb akademit\u00eb prestigjioze t\u00eb vendeve partnere, nj\u00ebkoh\u00ebsisht, forcon lidhjet dhe bashk\u00ebpunimin nd\u00ebrmjet Forc\u00ebs s\u00eb Siguris\u00eb s\u00eb Kosov\u00ebs dhe forcave t\u00eb armatosura t\u00eb vendeve partnere\u201d, thuhet n\u00eb njoftimin e Ministris\u00eb s\u00eb Mbrojtjes s\u00eb Koso\u00ebvs.<\/p>\n<p>Gjat\u00eb takimit, ministri Maqedonci shprehu mir\u00ebnjohjen p\u00ebr Republik\u00ebn e Turqis\u00eb p\u00ebr mb\u00ebshtetjen e vazhdueshme q\u00eb i ofron Kosov\u00ebs n\u00eb fush\u00ebn e arsimit, trajnimit dhe zhvillimit profesional t\u00eb pjes\u00ebtar\u00ebve t\u00eb FSK-s\u00eb.<\/p>\n<p>\u201cN\u00ebntoger\u00ebve u d\u00ebshirojm\u00eb suksese n\u00eb detyrat dhe p\u00ebrgjegj\u00ebsit\u00eb q\u00eb i presin n\u00eb sh\u00ebrbim t\u00eb Forc\u00ebs s\u00eb Siguris\u00eb s\u00eb Kosov\u00ebs dhe Republik\u00ebs s\u00eb Kosov\u00ebs\u201d, thuhet n\u00eb njoftim.<\/p>\n<hr style=\"margin:30px 0\">\n<p style=\"font-size:13px;color:#666\">Source: <strong>prizrenpost<\/strong><\/p>\n","protected":false},"excerpt":{"rendered":"<p>Ministri n\u00eb detyr\u00eb i Mbrojtjes, Ejup Maqedonci, sot para fillimit t\u00eb ceremonis\u00eb s\u00eb diplomimit n\u00eb Akademin\u00eb Ushtarake t\u00eb Forcave t\u00eb Armatosura t\u00eb Republik\u00ebs s\u00eb Turqis\u00eb, takoi kadet\u00ebt nga Kosova, t\u00eb cil\u00ebt p\u00ebrfunduan me sukses shkollimin n\u00eb k\u00ebt\u00eb akademi prestigjioze. Me k\u00ebt\u00eb rast, ministri Maqedonci uroi n\u00ebntoger\u00ebt Ramadan Rexha, Gjergj Dreni, Altin Salihaj, Elm\u00eb Ramadani dhe [&hellip;]<\/p>\n","protected":false},"author":1,"featured_media":47700,"comment_status":"open","ping_status":"open","sticky":false,"template":"","format":"standard","meta":{"footnotes":""},"categories":[14],"tags":[666],"class_list":["post-47699","post","type-post","status-publish","format-standard","has-post-thumbnail","hentry","category-national","tag-brief"],"views":23,"_links":{"self":[{"href":"https:\/\/prizrenpost.com\/en\/wp-json\/wp\/v2\/posts\/47699","targetHints":{"allow":["GET"]}}],"collection":[{"href":"https:\/\/prizrenpost.com\/en\/wp-json\/wp\/v2\/posts"}],"about":[{"href":"https:\/\/prizrenpost.com\/en\/wp-json\/wp\/v2\/types\/post"}],"author":[{"embeddable":true,"href":"https:\/\/prizrenpost.com\/en\/wp-json\/wp\/v2\/users\/1"}],"replies":[{"embeddable":true,"href":"https:\/\/prizrenpost.com\/en\/wp-json\/wp\/v2\/comments?post=47699"}],"version-history":[{"count":1,"href":"https:\/\/prizrenpost.com\/en\/wp-json\/wp\/v2\/posts\/47699\/revisions"}],"predecessor-version":[{"id":47701,"href":"https:\/\/prizrenpost.com\/en\/wp-json\/wp\/v2\/posts\/47699\/revisions\/47701"}],"wp:featuredmedia":[{"embeddable":true,"href":"https:\/\/prizrenpost.com\/en\/wp-json\/wp\/v2\/media\/47700"}],"wp:attachment":[{"href":"https:\/\/prizrenpost.com\/en\/wp-json\/wp\/v2\/media?parent=47699"}],"wp:term":[{"taxonomy":"category","embeddable":true,"href":"https:\/\/prizrenpost.com\/en\/wp-json\/wp\/v2\/categories?post=47699"},{"taxonomy":"post_tag","embeddable":true,"href":"https:\/\/prizrenpost.com\/en\/wp-json\/wp\/v2\/tags?post=47699"}],"curies":[{"name":"wp","href":"https:\/\/api.w.org\/{rel}","templated":true}]}}