{"id":47729,"date":"2026-08-31T12:30:27","date_gmt":"2026-08-31T10:30:27","guid":{"rendered":"https:\/\/prizrenpost.com\/en\/denohen-me-burgim-dy-te-akuzuarit-per-rastin-e-barrikadave-ne-veri\/"},"modified":"2026-08-31T12:30:28","modified_gmt":"2026-08-31T10:30:28","slug":"denohen-me-burgim-dy-te-akuzuarit-per-rastin-e-barrikadave-ne-veri","status":"publish","type":"post","link":"https:\/\/prizrenpost.com\/en\/denohen-me-burgim-dy-te-akuzuarit-per-rastin-e-barrikadave-ne-veri\/","title":{"rendered":"D\u00ebnohen me burgim dy t\u00eb akuzuarit p\u00ebr rastin e barrikadave n\u00eb veri"},"content":{"rendered":"<p><img decoding=\"async\" src=\"https:\/\/prizrenpost.com\/en\/wp-content\/uploads\/2026\/08\/732582-CSyRSfKqeq.jpg\" style=\"width:100%;height:auto;margin-bottom:20px\">Gjykata Themelore n\u00eb Prishtin\u00eb ka shpallur sot aktgjykimin ndaj dy t\u00eb akuzuarve p\u00ebr barrikadat e vendosura n\u00eb veri t\u00eb Kosov\u00ebs. Millosh Radosavleviq \u00ebsht\u00eb d\u00ebnuar me 9 muaj burgim, nd\u00ebrsa Dushan Dobrac \u00ebsht\u00eb d\u00ebnuar me 12 muaj burgim. Dy nga t\u00eb akuzuarit serb\u00eb p\u00ebr barrikadat n\u00eb veri pranojn\u00eb faj\u00ebsin\u00eb Burimi: mesazhi<\/p>\n<hr style=\"margin:30px 0\">\n<p style=\"font-size:13px;color:#666\">Source: <strong>prizrenpost<\/strong><\/p>\n","protected":false},"excerpt":{"rendered":"<p>Gjykata Themelore n\u00eb Prishtin\u00eb ka shpallur sot aktgjykimin ndaj dy t\u00eb akuzuarve p\u00ebr barrikadat e vendosura n\u00eb veri t\u00eb Kosov\u00ebs. Millosh Radosavleviq \u00ebsht\u00eb d\u00ebnuar me 9 muaj burgim, nd\u00ebrsa Dushan Dobrac \u00ebsht\u00eb d\u00ebnuar me 12 muaj burgim. Dy nga t\u00eb akuzuarit serb\u00eb p\u00ebr barrikadat n\u00eb veri pranojn\u00eb faj\u00ebsin\u00eb Burimi: mesazhi Source: prizrenpost<\/p>\n","protected":false},"author":1,"featured_media":47730,"comment_status":"open","ping_status":"open","sticky":false,"template":"","format":"standard","meta":{"footnotes":""},"categories":[14],"tags":[666],"class_list":["post-47729","post","type-post","status-publish","format-standard","has-post-thumbnail","hentry","category-national","tag-brief"],"views":20,"_links":{"self":[{"href":"https:\/\/prizrenpost.com\/en\/wp-json\/wp\/v2\/posts\/47729","targetHints":{"allow":["GET"]}}],"collection":[{"href":"https:\/\/prizrenpost.com\/en\/wp-json\/wp\/v2\/posts"}],"about":[{"href":"https:\/\/prizrenpost.com\/en\/wp-json\/wp\/v2\/types\/post"}],"author":[{"embeddable":true,"href":"https:\/\/prizrenpost.com\/en\/wp-json\/wp\/v2\/users\/1"}],"replies":[{"embeddable":true,"href":"https:\/\/prizrenpost.com\/en\/wp-json\/wp\/v2\/comments?post=47729"}],"version-history":[{"count":1,"href":"https:\/\/prizrenpost.com\/en\/wp-json\/wp\/v2\/posts\/47729\/revisions"}],"predecessor-version":[{"id":47731,"href":"https:\/\/prizrenpost.com\/en\/wp-json\/wp\/v2\/posts\/47729\/revisions\/47731"}],"wp:featuredmedia":[{"embeddable":true,"href":"https:\/\/prizrenpost.com\/en\/wp-json\/wp\/v2\/media\/47730"}],"wp:attachment":[{"href":"https:\/\/prizrenpost.com\/en\/wp-json\/wp\/v2\/media?parent=47729"}],"wp:term":[{"taxonomy":"category","embeddable":true,"href":"https:\/\/prizrenpost.com\/en\/wp-json\/wp\/v2\/categories?post=47729"},{"taxonomy":"post_tag","embeddable":true,"href":"https:\/\/prizrenpost.com\/en\/wp-json\/wp\/v2\/tags?post=47729"}],"curies":[{"name":"wp","href":"https:\/\/api.w.org\/{rel}","templated":true}]}}