{"id":47732,"date":"2026-08-31T12:30:31","date_gmt":"2026-08-31T10:30:31","guid":{"rendered":"https:\/\/prizrenpost.com\/en\/kurti-e-abdixhiku-takohen-edhe-sot\/"},"modified":"2026-08-31T12:30:33","modified_gmt":"2026-08-31T10:30:33","slug":"kurti-e-abdixhiku-takohen-edhe-sot","status":"publish","type":"post","link":"https:\/\/prizrenpost.com\/en\/kurti-e-abdixhiku-takohen-edhe-sot\/","title":{"rendered":"Kurti e Abdixhiku takohen edhe sot"},"content":{"rendered":"<p><img decoding=\"async\" src=\"https:\/\/prizrenpost.com\/en\/wp-content\/uploads\/2026\/08\/prizrenpost-og-155.png\" style=\"width:100%;height:auto;margin-bottom:20px\">Kryetari i L\u00ebvizjes Vet\u00ebvendosje, Albin Kurti nj\u00ebherit kryeminist\u00ebr n\u00eb detyr\u00eb dhe kryetari i LDK-s\u00eb, Lumir Abdixhiku pritet t\u00eb zhvillojn\u00eb edhe nj\u00eb takim n\u00eb p\u00ebrpjekjeje p\u00ebr t\u00eb arritur marr\u00ebveshje p\u00ebr emrin e presidentit. Takimi si\u00e7 m\u00ebson T\u00ebv\u00eb1 \u00ebsht\u00eb parapar\u00eb t\u00eb mbahet nga ora 12:00 n\u00eb Kuvendin e Kosov\u00ebs. Kurti e Abdixhiku kan\u00eb zhvilluar disa takime, por [&#8230;]<\/p>\n<hr style=\"margin:30px 0\">\n<p style=\"font-size:13px;color:#666\">Source: <strong>prizrenpost<\/strong><\/p>\n","protected":false},"excerpt":{"rendered":"<p>Kryetari i L\u00ebvizjes Vet\u00ebvendosje, Albin Kurti nj\u00ebherit kryeminist\u00ebr n\u00eb detyr\u00eb dhe kryetari i LDK-s\u00eb, Lumir Abdixhiku pritet t\u00eb zhvillojn\u00eb edhe nj\u00eb takim n\u00eb p\u00ebrpjekjeje p\u00ebr t\u00eb arritur marr\u00ebveshje p\u00ebr emrin e presidentit. Takimi si\u00e7 m\u00ebson T\u00ebv\u00eb1 \u00ebsht\u00eb parapar\u00eb t\u00eb mbahet nga ora 12:00 n\u00eb Kuvendin e Kosov\u00ebs. Kurti e Abdixhiku kan\u00eb zhvilluar disa takime, por [&hellip;]<\/p>\n","protected":false},"author":1,"featured_media":47733,"comment_status":"open","ping_status":"open","sticky":false,"template":"","format":"standard","meta":{"footnotes":""},"categories":[14],"tags":[666],"class_list":["post-47732","post","type-post","status-publish","format-standard","has-post-thumbnail","hentry","category-national","tag-brief"],"views":19,"_links":{"self":[{"href":"https:\/\/prizrenpost.com\/en\/wp-json\/wp\/v2\/posts\/47732","targetHints":{"allow":["GET"]}}],"collection":[{"href":"https:\/\/prizrenpost.com\/en\/wp-json\/wp\/v2\/posts"}],"about":[{"href":"https:\/\/prizrenpost.com\/en\/wp-json\/wp\/v2\/types\/post"}],"author":[{"embeddable":true,"href":"https:\/\/prizrenpost.com\/en\/wp-json\/wp\/v2\/users\/1"}],"replies":[{"embeddable":true,"href":"https:\/\/prizrenpost.com\/en\/wp-json\/wp\/v2\/comments?post=47732"}],"version-history":[{"count":1,"href":"https:\/\/prizrenpost.com\/en\/wp-json\/wp\/v2\/posts\/47732\/revisions"}],"predecessor-version":[{"id":47734,"href":"https:\/\/prizrenpost.com\/en\/wp-json\/wp\/v2\/posts\/47732\/revisions\/47734"}],"wp:featuredmedia":[{"embeddable":true,"href":"https:\/\/prizrenpost.com\/en\/wp-json\/wp\/v2\/media\/47733"}],"wp:attachment":[{"href":"https:\/\/prizrenpost.com\/en\/wp-json\/wp\/v2\/media?parent=47732"}],"wp:term":[{"taxonomy":"category","embeddable":true,"href":"https:\/\/prizrenpost.com\/en\/wp-json\/wp\/v2\/categories?post=47732"},{"taxonomy":"post_tag","embeddable":true,"href":"https:\/\/prizrenpost.com\/en\/wp-json\/wp\/v2\/tags?post=47732"}],"curies":[{"name":"wp","href":"https:\/\/api.w.org\/{rel}","templated":true}]}}