{"id":47735,"date":"2026-08-31T13:30:37","date_gmt":"2026-08-31T11:30:37","guid":{"rendered":"https:\/\/prizrenpost.com\/en\/bekim-sejdiu-kandidati-konsensual-per-president-nga-lvv-e-ldk\/"},"modified":"2026-08-31T13:30:42","modified_gmt":"2026-08-31T11:30:42","slug":"bekim-sejdiu-kandidati-konsensual-per-president-nga-lvv-e-ldk","status":"publish","type":"post","link":"https:\/\/prizrenpost.com\/en\/bekim-sejdiu-kandidati-konsensual-per-president-nga-lvv-e-ldk\/","title":{"rendered":"Bekim Sejdiu  kandidati konsensual p\u00ebr president nga LVV e LDK"},"content":{"rendered":"<p><img decoding=\"async\" src=\"https:\/\/prizrenpost.com\/en\/wp-content\/uploads\/2026\/08\/prizrenpost-og-156.png\" style=\"width:100%;height:auto;margin-bottom:20px\">Bekim Sejdiu \u00ebsht\u00eb prezantuar si kandidati konsensual p\u00ebr president nga L\u00ebvizja Vet\u00ebvendosje dhe Lidhja Demokratike e Kosov\u00ebs. Ish-gjyqtari i Gjykat\u00ebs Kushtetuese u prezantua t\u00eb h\u00ebn\u00ebn pas takimit q\u00eb zhvilluan Kurti e Abdixhiku. Kryetari i LDK-s\u00eb q\u00eb foli p\u00ebr media tha se jan\u00eb zhvilluar takime t\u00eb gjata dhe jo t\u00eb lehta. Ai duke vler\u00ebsuar kontributin dhe [&#8230;]<\/p>\n<hr style=\"margin:30px 0\">\n<p style=\"font-size:13px;color:#666\">Source: <strong>prizrenpost<\/strong><\/p>\n","protected":false},"excerpt":{"rendered":"<p>Bekim Sejdiu \u00ebsht\u00eb prezantuar si kandidati konsensual p\u00ebr president nga L\u00ebvizja Vet\u00ebvendosje dhe Lidhja Demokratike e Kosov\u00ebs. Ish-gjyqtari i Gjykat\u00ebs Kushtetuese u prezantua t\u00eb h\u00ebn\u00ebn pas takimit q\u00eb zhvilluan Kurti e Abdixhiku. Kryetari i LDK-s\u00eb q\u00eb foli p\u00ebr media tha se jan\u00eb zhvilluar takime t\u00eb gjata dhe jo t\u00eb lehta. Ai duke vler\u00ebsuar kontributin dhe [&hellip;]<\/p>\n","protected":false},"author":1,"featured_media":47736,"comment_status":"open","ping_status":"open","sticky":false,"template":"","format":"standard","meta":{"footnotes":""},"categories":[14],"tags":[666],"class_list":["post-47735","post","type-post","status-publish","format-standard","has-post-thumbnail","hentry","category-national","tag-brief"],"views":18,"_links":{"self":[{"href":"https:\/\/prizrenpost.com\/en\/wp-json\/wp\/v2\/posts\/47735","targetHints":{"allow":["GET"]}}],"collection":[{"href":"https:\/\/prizrenpost.com\/en\/wp-json\/wp\/v2\/posts"}],"about":[{"href":"https:\/\/prizrenpost.com\/en\/wp-json\/wp\/v2\/types\/post"}],"author":[{"embeddable":true,"href":"https:\/\/prizrenpost.com\/en\/wp-json\/wp\/v2\/users\/1"}],"replies":[{"embeddable":true,"href":"https:\/\/prizrenpost.com\/en\/wp-json\/wp\/v2\/comments?post=47735"}],"version-history":[{"count":1,"href":"https:\/\/prizrenpost.com\/en\/wp-json\/wp\/v2\/posts\/47735\/revisions"}],"predecessor-version":[{"id":47737,"href":"https:\/\/prizrenpost.com\/en\/wp-json\/wp\/v2\/posts\/47735\/revisions\/47737"}],"wp:featuredmedia":[{"embeddable":true,"href":"https:\/\/prizrenpost.com\/en\/wp-json\/wp\/v2\/media\/47736"}],"wp:attachment":[{"href":"https:\/\/prizrenpost.com\/en\/wp-json\/wp\/v2\/media?parent=47735"}],"wp:term":[{"taxonomy":"category","embeddable":true,"href":"https:\/\/prizrenpost.com\/en\/wp-json\/wp\/v2\/categories?post=47735"},{"taxonomy":"post_tag","embeddable":true,"href":"https:\/\/prizrenpost.com\/en\/wp-json\/wp\/v2\/tags?post=47735"}],"curies":[{"name":"wp","href":"https:\/\/api.w.org\/{rel}","templated":true}]}}