{"id":47741,"date":"2026-08-31T13:55:22","date_gmt":"2026-08-31T11:55:22","guid":{"rendered":"https:\/\/prizrenpost.com\/en\/kandidati-i-propozuar-per-president-jam-ne-sherbim-te-qytetareve-dhe-shtetit\/"},"modified":"2026-08-31T13:55:26","modified_gmt":"2026-08-31T11:55:26","slug":"kandidati-i-propozuar-per-president-jam-ne-sherbim-te-qytetareve-dhe-shtetit","status":"publish","type":"post","link":"https:\/\/prizrenpost.com\/en\/kandidati-i-propozuar-per-president-jam-ne-sherbim-te-qytetareve-dhe-shtetit\/","title":{"rendered":"Kandidati i propozuar p\u00ebr president: Jam n\u00eb sh\u00ebrbim t\u00eb qytetar\u00ebve dhe shtetit"},"content":{"rendered":"<p><img decoding=\"async\" src=\"https:\/\/prizrenpost.com\/en\/wp-content\/uploads\/2026\/08\/prizrenpost-og-158.png\" style=\"width:100%;height:auto;margin-bottom:20px\"><\/p>\n<p>Bekim Sejdiu, kandidati i propozuar p\u00ebr president t\u00eb Republik\u00ebs s\u00eb Kosov\u00ebs nga Lidhja Demokratike e Kosov\u00ebs (LDK) dhe L\u00ebvizja Vet\u00ebvendosje, \u00ebsht\u00eb deklaruar para mediave, duke th\u00ebn\u00eb se \u00ebsht\u00eb nder i madh p\u00ebr t\u00eb propozimi q\u00eb t\u00eb jet\u00eb president i Republik\u00ebs s\u00eb Kosov\u00ebs.<\/p>\n<p>\u201cGjithsesi, kjo mua m\u00eb b\u00ebn t\u00eb ndihem i nderuar. Besimi q\u00eb m\u00eb kan\u00eb dh\u00ebn\u00eb p\u00ebrfaq\u00ebsuesit e dy partive \u00ebsht\u00eb nder i madh. Un\u00eb e kam pranuar k\u00ebt\u00eb propozim, ndon\u00ebse ambicia ime ka qen\u00eb n\u00eb fushat akademike dhe profesionale. Por, sidoqoft\u00eb, duke qen\u00eb plot\u00ebsisht i vet\u00ebdijsh\u00ebm edhe p\u00ebr barr\u00ebn dhe p\u00ebrgjegj\u00ebsin\u00eb q\u00eb sjell posti i presidentit, jam v\u00ebn\u00eb n\u00eb sh\u00ebrbim t\u00eb Republik\u00ebs s\u00eb Kosov\u00ebs dhe t\u00eb qytetar\u00ebve t\u00eb Kosov\u00ebs, q\u00eb t\u00eb sh\u00ebrbej me devotshm\u00ebri\u201d, tha Sejdiu para mediave.<\/p>\n<p>Tutje, ai tha se pranimi nga ana e tij q\u00eb t\u00eb propozohej p\u00ebr president vjen nga d\u00ebshira p\u00ebr t\u2019i sh\u00ebrbyer Republik\u00ebs s\u00eb Kosov\u00ebs.<\/p>\n<p>\u201cEdhe nj\u00ebher\u00eb, si\u00e7 e theksova, motivi im i par\u00eb ka qen\u00eb t\u00eb vihem n\u00eb sh\u00ebrbim t\u00eb Republik\u00ebs s\u00eb Kosov\u00ebs. Kaq kam dashur ta p\u00ebrmbyll\u201d, tha tutje ai.<\/p>\n<p>Sejdiu nuk pranoi t\u00eb marr\u00eb pyetje nga gazetar\u00ebt.<\/p>\n<hr style=\"margin:30px 0\">\n<p style=\"font-size:13px;color:#666\">Source: <strong>prizrenpost<\/strong><\/p>\n","protected":false},"excerpt":{"rendered":"<p>Bekim Sejdiu, kandidati i propozuar p\u00ebr president t\u00eb Republik\u00ebs s\u00eb Kosov\u00ebs nga Lidhja Demokratike e Kosov\u00ebs (LDK) dhe L\u00ebvizja Vet\u00ebvendosje, \u00ebsht\u00eb deklaruar para mediave, duke th\u00ebn\u00eb se \u00ebsht\u00eb nder i madh p\u00ebr t\u00eb propozimi q\u00eb t\u00eb jet\u00eb president i Republik\u00ebs s\u00eb Kosov\u00ebs. \u201cGjithsesi, kjo mua m\u00eb b\u00ebn t\u00eb ndihem i nderuar. Besimi q\u00eb m\u00eb kan\u00eb [&hellip;]<\/p>\n","protected":false},"author":1,"featured_media":47742,"comment_status":"open","ping_status":"open","sticky":false,"template":"","format":"standard","meta":{"footnotes":""},"categories":[14],"tags":[666],"class_list":["post-47741","post","type-post","status-publish","format-standard","has-post-thumbnail","hentry","category-national","tag-brief"],"views":16,"_links":{"self":[{"href":"https:\/\/prizrenpost.com\/en\/wp-json\/wp\/v2\/posts\/47741","targetHints":{"allow":["GET"]}}],"collection":[{"href":"https:\/\/prizrenpost.com\/en\/wp-json\/wp\/v2\/posts"}],"about":[{"href":"https:\/\/prizrenpost.com\/en\/wp-json\/wp\/v2\/types\/post"}],"author":[{"embeddable":true,"href":"https:\/\/prizrenpost.com\/en\/wp-json\/wp\/v2\/users\/1"}],"replies":[{"embeddable":true,"href":"https:\/\/prizrenpost.com\/en\/wp-json\/wp\/v2\/comments?post=47741"}],"version-history":[{"count":1,"href":"https:\/\/prizrenpost.com\/en\/wp-json\/wp\/v2\/posts\/47741\/revisions"}],"predecessor-version":[{"id":47743,"href":"https:\/\/prizrenpost.com\/en\/wp-json\/wp\/v2\/posts\/47741\/revisions\/47743"}],"wp:featuredmedia":[{"embeddable":true,"href":"https:\/\/prizrenpost.com\/en\/wp-json\/wp\/v2\/media\/47742"}],"wp:attachment":[{"href":"https:\/\/prizrenpost.com\/en\/wp-json\/wp\/v2\/media?parent=47741"}],"wp:term":[{"taxonomy":"category","embeddable":true,"href":"https:\/\/prizrenpost.com\/en\/wp-json\/wp\/v2\/categories?post=47741"},{"taxonomy":"post_tag","embeddable":true,"href":"https:\/\/prizrenpost.com\/en\/wp-json\/wp\/v2\/tags?post=47741"}],"curies":[{"name":"wp","href":"https:\/\/api.w.org\/{rel}","templated":true}]}}