{"id":47822,"date":"2026-09-02T14:15:35","date_gmt":"2026-09-02T12:15:35","guid":{"rendered":"https:\/\/prizrenpost.com\/en\/kurti-per-ne-marreveshja-politike-me-ldk-ne-mbetet-valide\/"},"modified":"2026-09-02T14:15:35","modified_gmt":"2026-09-02T12:15:35","slug":"kurti-per-ne-marreveshja-politike-me-ldk-ne-mbetet-valide","status":"publish","type":"post","link":"https:\/\/prizrenpost.com\/en\/kurti-per-ne-marreveshja-politike-me-ldk-ne-mbetet-valide\/","title":{"rendered":"Kurti: P\u00ebr ne, marr\u00ebveshja politike me LDK-n\u00eb mbetet valide"},"content":{"rendered":"<p>Kryeministri n\u00eb detyr\u00eb i Republik\u00ebs s\u00eb Kosov\u00ebs, Albin Kurti, ka th\u00ebn\u00eb se marr\u00ebveshja politike e arritur mes L\u00ebvizjes Vet\u00ebvendosje dhe Lidhjes Demokratike t\u00eb Kosov\u00ebs p\u00ebr zgjedhjen e presidentit mbetet valide, pavar\u00ebsisht zhvillimeve t\u00eb reja brenda LDK-s\u00eb.<\/p>\n<p>Ai tha se do t\u00eb ket\u00eb takime t\u00eb reja me LDK-n\u00eb n\u00eb lidhje me at\u00eb se si do t\u00eb zgjidhet situata e re p\u00ebr t\u00eb cil\u00ebn kishte folur nj\u00eb nat\u00eb m\u00eb par\u00eb, pas kund\u00ebrshtimit t\u00eb gjasht\u00eb deputet\u00ebve t\u00eb LDK-s\u00eb ndaj kandidatur\u00ebs s\u00eb Bekim Sejdiut p\u00ebr president t\u00eb shtetit.<\/p>\n<p>\u201cFlasim n\u00eb Prishtin\u00eb p\u00ebr k\u00ebto \u00e7\u00ebshtjet tjera. K\u00ebtu jemi p\u00ebr eficienc\u00eb t\u00eb energjis\u00eb. Por, natyrisht, si\u00e7 kam th\u00ebn\u00eb mbr\u00ebm\u00eb, do t\u00eb zhvillojm\u00eb edhe takime dhe mbledhje. P\u00ebr neve marr\u00ebveshja politike \u00ebsht\u00eb valide\u201d, tha Kurti.<\/p>\n<p>Ai nuk p\u00ebrjashtoi q\u00eb nj\u00eb takim i tij me liderin e LDK-s\u00eb, Lumir Abdixhiku, t\u00eb mbahet dikur m\u00eb von\u00eb, por konfirmoi se di\u00e7ka e till\u00eb nuk ndodhi n\u00eb m\u00ebngjes.<\/p>\n<p>\u201cJo se n\u00eb mengjes u nisa p\u00ebr Viti\u201d, tha ai.<\/p>\n<p>Kurti i b\u00ebri k\u00ebto deklarata pas ceremonis\u00eb s\u00eb p\u00ebrurimit t\u00eb implementimit t\u00eb masave t\u00eb efi\u00e7ienc\u00ebs s\u00eb energjis\u00eb n\u00eb shkoll\u00ebn \u201c28 N\u00ebntori\u201d n\u00eb Viti.<\/p>\n<hr style=\"margin:30px 0\">\n<p style=\"font-size:13px;color:#666\">Source: <strong>prizrenpost<\/strong><\/p>\n","protected":false},"excerpt":{"rendered":"<p>Kryeministri n\u00eb detyr\u00eb i Republik\u00ebs s\u00eb Kosov\u00ebs, Albin Kurti, ka th\u00ebn\u00eb se marr\u00ebveshja politike e arritur mes L\u00ebvizjes Vet\u00ebvendosje dhe Lidhjes Demokratike t\u00eb Kosov\u00ebs p\u00ebr zgjedhjen e presidentit mbetet valide, pavar\u00ebsisht zhvillimeve t\u00eb reja brenda LDK-s\u00eb. Ai tha se do t\u00eb ket\u00eb takime t\u00eb reja me LDK-n\u00eb n\u00eb lidhje me at\u00eb se si do t\u00eb [&hellip;]<\/p>\n","protected":false},"author":1,"featured_media":0,"comment_status":"open","ping_status":"open","sticky":false,"template":"","format":"standard","meta":{"footnotes":""},"categories":[14],"tags":[],"class_list":["post-47822","post","type-post","status-publish","format-standard","hentry","category-national"],"views":17,"_links":{"self":[{"href":"https:\/\/prizrenpost.com\/en\/wp-json\/wp\/v2\/posts\/47822","targetHints":{"allow":["GET"]}}],"collection":[{"href":"https:\/\/prizrenpost.com\/en\/wp-json\/wp\/v2\/posts"}],"about":[{"href":"https:\/\/prizrenpost.com\/en\/wp-json\/wp\/v2\/types\/post"}],"author":[{"embeddable":true,"href":"https:\/\/prizrenpost.com\/en\/wp-json\/wp\/v2\/users\/1"}],"replies":[{"embeddable":true,"href":"https:\/\/prizrenpost.com\/en\/wp-json\/wp\/v2\/comments?post=47822"}],"version-history":[{"count":0,"href":"https:\/\/prizrenpost.com\/en\/wp-json\/wp\/v2\/posts\/47822\/revisions"}],"wp:attachment":[{"href":"https:\/\/prizrenpost.com\/en\/wp-json\/wp\/v2\/media?parent=47822"}],"wp:term":[{"taxonomy":"category","embeddable":true,"href":"https:\/\/prizrenpost.com\/en\/wp-json\/wp\/v2\/categories?post=47822"},{"taxonomy":"post_tag","embeddable":true,"href":"https:\/\/prizrenpost.com\/en\/wp-json\/wp\/v2\/tags?post=47822"}],"curies":[{"name":"wp","href":"https:\/\/api.w.org\/{rel}","templated":true}]}}