{"id":35543,"date":"2026-03-18T13:20:25","date_gmt":"2026-03-18T12:20:25","guid":{"rendered":"https:\/\/prizrenpost.com\/tr\/bassavci-13-kisi-hakkinda-11-iddianame-hazirladi\/"},"modified":"2026-03-18T13:20:25","modified_gmt":"2026-03-18T12:20:25","slug":"bassavci-13-kisi-hakkinda-11-iddianame-hazirladi","status":"publish","type":"post","link":"https:\/\/prizrenpost.com\/tr\/bassavci-13-kisi-hakkinda-11-iddianame-hazirladi\/","title":{"rendered":"Ba\u015fsavc\u0131 13 ki\u015fi hakk\u0131nda 11 iddianame haz\u0131rlad\u0131."},"content":{"rendered":"<p><img decoding=\"async\" src=\"https:\/\/prizrenpost.com\/tr\/wp-content\/uploads\/2026\/03\/Foto-Prokuroria-Themelore-ne-Prizren-scaled-1.jpg\" style=\"width:100%;height:auto;margin-bottom:20px\"><\/p>\n<p>Gazeta e Prizren&#8217;in haberine g\u00f6re, Devlet Savc\u0131s\u0131 son 24 saat i\u00e7inde 61 ki\u015fi hakk\u0131nda \u00e7e\u015fitli ceza gerektiren su\u00e7lardan dolay\u0131 temel soru\u015fturmalar kapsam\u0131nda 44 iddianame a\u00e7\u0131ld\u0131\u011f\u0131n\u0131 duyurdu.<\/p>\n<p>Ayr\u0131ca Devlet Savc\u0131s\u0131n\u0131n emriyle 12 ki\u015fi g\u00f6zalt\u0131na al\u0131nd\u0131, ayr\u0131ca su\u00e7 i\u015fledi\u011finden \u015f\u00fcphelenilen \u00fc\u00e7 ki\u015finin tutuklanmas\u0131 i\u00e7in \u00fc\u00e7 talepte bulunuldu.<\/p>\n<p>\u00d6zel Savc\u0131l\u0131k, son 24 saatte &#8220;Kara Para Aklama&#8221; su\u00e7undan \u015f\u00fcphelenilen bir ki\u015fiyi g\u00f6zalt\u0131na ald\u0131.<\/p>\n<p>Prizren Ba\u015fsavc\u0131l\u0131\u011f\u0131, son 24 saatte, bir ki\u015fi hakk\u0131nda g\u00f6zalt\u0131 talebinde bulundu\u011fu i\u00e7in \u015f\u00fcpheli bir ki\u015fiyi g\u00f6zalt\u0131na ald\u0131. Oysa savc\u0131, 13 ki\u015fi hakk\u0131nda \u00e7e\u015fitli su\u00e7lardan 11 iddianame haz\u0131rlam\u0131\u015ft\u0131.<\/p>\n<p>Savc\u0131 talimat\u0131yla ki\u015filerin g\u00f6zalt\u0131na al\u0131nmas\u0131:<\/p>\n<p>Genel M\u00fcd\u00fcrl\u00fck, savc\u0131 talimat\u0131yla KPRK&#8217;ya g\u00f6re &#8220;Hafif Bedensel Yaralama&#8221; ve &#8220;Tehdit&#8221; su\u00e7lar\u0131ndan \u015f\u00fcphelenilen bir (1) ki\u015fiyi 48 saat s\u00fcreyle g\u00f6zalt\u0131na ald\u0131.<\/p>\n<p>G\u00f6zalt\u0131 talepleri (veya di\u011ferlerine \u00f6nlem al\u0131r):<\/p>\n<p>A\u011f\u0131r Su\u00e7lar Dairesi, KPRK&#8217;ya g\u00f6re &#8220;Ga\u00e7&#8221; ve &#8220;Zorlama&#8221; su\u00e7lar\u0131ndan \u015f\u00fcphelenilen bir (1) ki\u015fi hakk\u0131nda bir (1) tutuklama talebinde bulundu.<\/p>\n<p>Prizren Ba\u015fsavc\u0131l\u0131\u011f\u0131, a\u015fa\u011f\u0131daki su\u00e7lardan dolay\u0131 on \u00fc\u00e7 (13) ki\u015fi hakk\u0131nda on bir (11) iddianame sundu:<\/p>\n<p>\u0130ki ki\u015fi hakk\u0131nda iki (2) iddianame (2) &#8220;H\u0131rs\u0131zl\u0131k&#8221; su\u00e7undan dolay\u0131 ki\u015filer;<\/p>\n<p>&#8220;Tehdit&#8221;, &#8220;Sald\u0131r\u0131&#8221; ve &#8220;Aile \u0130\u00e7i \u015eiddet&#8221; su\u00e7lar\u0131ndan iki (2) ki\u015fiye kar\u015f\u0131 bir (1) iddianame;<\/p>\n<p>&#8220;Sald\u0131r\u0131&#8221; ve &#8220;Hafif Bedensel Yaralama&#8221; su\u00e7lar\u0131ndan iki (2) ki\u015fiye kar\u015f\u0131 bir (1) iddianame;<\/p>\n<p> cezai su\u00e7 &#8220;Sald\u0131r\u0131&#8221;;<\/p>\n<p>Bir (1) ki\u015fiye kar\u015f\u0131 &#8220;Tehdit&#8221; su\u00e7undan dolay\u0131 bir (1) iddianame;<\/p>\n<p>Bir (1) ki\u015fiye kar\u015f\u0131 &#8220;Hafif Bedensel Yaralama&#8221; su\u00e7undan dolay\u0131 bir (1) iddianame;<\/p>\n<p>Bir (1) ki\u015fiye kar\u015f\u0131 &#8220;Doland\u0131r\u0131c\u0131l\u0131k&#8221; su\u00e7undan bir (1) iddianame;<\/p>\n<p>Bir (1) ki\u015fiye kar\u015f\u0131 bir (1) iddianame ki\u015fi hakk\u0131nda &#8220;Mahkemeye Sayg\u0131s\u0131zl\u0131k&#8221; su\u00e7undan dolay\u0131 bir (1) iddianame;<\/p>\n<p>&#8220;Sald\u0131r\u0131&#8221; ve &#8220;Hafif Bedensel Yaralama&#8221; su\u00e7lar\u0131ndan dolay\u0131 bir (1) ki\u015fiye kar\u015f\u0131 bir (1) iddianame;<\/p>\n<p>&#8220;Hizmet h\u0131rs\u0131zl\u0131\u011f\u0131&#8221; su\u00e7lar\u0131ndan dolay\u0131 bir (1) ki\u015fiye kar\u015f\u0131 bir (1) iddianame.<\/p>\n<p>Tecr\u00fcbeyi iyile\u015ftirmek ve reklam g\u00f6r\u00fcnt\u00fclemek i\u00e7in \u00e7erezler kullan\u0131r\u0131z (Google AdSense).<br \/>\n          &#8220;Kabul Et&#8221; se\u00e7ene\u011fine t\u0131klayarak \u00e7erezlerin a\u015fa\u011f\u0131daki \u015fartlara g\u00f6re kullan\u0131lmas\u0131n\u0131 kabul etmi\u015f olursunuz.<br \/>\n          Gizlilik Politikas\u0131<br \/>\n          ve<br \/>\n          \u00c7erez Politikas\u0131.<br \/>\n          &#8220;Reddet&#8221;i t\u0131klayarak gerekli olmayan \u00e7erezleri reddedebilirsiniz.<\/p>\n<hr style=\"margin:30px 0\">\n<p style=\"font-size:13px;color:#666\">Kaynak: <strong>prizrenpost<\/strong><\/p>\n","protected":false},"excerpt":{"rendered":"<p>Gazeta e Prizren&#8217;in haberine g\u00f6re, Devlet Savc\u0131s\u0131 son 24 saat i\u00e7inde 61 ki\u015fi hakk\u0131nda \u00e7e\u015fitli ceza gerektiren su\u00e7lardan dolay\u0131 temel soru\u015fturmalar kapsam\u0131nda 44 iddianame a\u00e7\u0131ld\u0131\u011f\u0131n\u0131 duyurdu. Ayr\u0131ca Devlet Savc\u0131s\u0131n\u0131n emriyle 12 ki\u015fi g\u00f6zalt\u0131na al\u0131nd\u0131, ayr\u0131ca su\u00e7 i\u015fledi\u011finden \u015f\u00fcphelenilen \u00fc\u00e7 ki\u015finin tutuklanmas\u0131 i\u00e7in \u00fc\u00e7 talepte bulunuldu. \u00d6zel Savc\u0131l\u0131k, son 24 saatte &#8220;Kara Para Aklama&#8221; su\u00e7undan \u015f\u00fcphelenilen [&hellip;]<\/p>\n","protected":false},"author":1,"featured_media":35544,"comment_status":"open","ping_status":"open","sticky":false,"template":"","format":"standard","meta":{"footnotes":""},"categories":[22],"tags":[],"class_list":["post-35543","post","type-post","status-publish","format-standard","has-post-thumbnail","hentry","category-prizren"],"views":17,"_links":{"self":[{"href":"https:\/\/prizrenpost.com\/tr\/wp-json\/wp\/v2\/posts\/35543","targetHints":{"allow":["GET"]}}],"collection":[{"href":"https:\/\/prizrenpost.com\/tr\/wp-json\/wp\/v2\/posts"}],"about":[{"href":"https:\/\/prizrenpost.com\/tr\/wp-json\/wp\/v2\/types\/post"}],"author":[{"embeddable":true,"href":"https:\/\/prizrenpost.com\/tr\/wp-json\/wp\/v2\/users\/1"}],"replies":[{"embeddable":true,"href":"https:\/\/prizrenpost.com\/tr\/wp-json\/wp\/v2\/comments?post=35543"}],"version-history":[{"count":1,"href":"https:\/\/prizrenpost.com\/tr\/wp-json\/wp\/v2\/posts\/35543\/revisions"}],"predecessor-version":[{"id":35545,"href":"https:\/\/prizrenpost.com\/tr\/wp-json\/wp\/v2\/posts\/35543\/revisions\/35545"}],"wp:featuredmedia":[{"embeddable":true,"href":"https:\/\/prizrenpost.com\/tr\/wp-json\/wp\/v2\/media\/35544"}],"wp:attachment":[{"href":"https:\/\/prizrenpost.com\/tr\/wp-json\/wp\/v2\/media?parent=35543"}],"wp:term":[{"taxonomy":"category","embeddable":true,"href":"https:\/\/prizrenpost.com\/tr\/wp-json\/wp\/v2\/categories?post=35543"},{"taxonomy":"post_tag","embeddable":true,"href":"https:\/\/prizrenpost.com\/tr\/wp-json\/wp\/v2\/tags?post=35543"}],"curies":[{"name":"wp","href":"https:\/\/api.w.org\/{rel}","templated":true}]}}