{"id":35663,"date":"2026-03-18T22:20:06","date_gmt":"2026-03-18T21:20:06","guid":{"rendered":"https:\/\/prizrenpost.com\/tr\/odullu-polis-32-yasindaki-bir-adamin-hayatini-kaybettigi-kazayla-ilgili-ayrintili-bilgi-verdi\/"},"modified":"2026-03-18T22:20:06","modified_gmt":"2026-03-18T21:20:06","slug":"odullu-polis-32-yasindaki-bir-adamin-hayatini-kaybettigi-kazayla-ilgili-ayrintili-bilgi-verdi","status":"publish","type":"post","link":"https:\/\/prizrenpost.com\/tr\/odullu-polis-32-yasindaki-bir-adamin-hayatini-kaybettigi-kazayla-ilgili-ayrintili-bilgi-verdi\/","title":{"rendered":"\u00d6d\u00fcll\u00fc polis, 32 ya\u015f\u0131ndaki bir adam\u0131n hayat\u0131n\u0131 kaybetti\u011fi kazayla ilgili ayr\u0131nt\u0131l\u0131 bilgi verdi"},"content":{"rendered":"<p><img decoding=\"async\" src=\"https:\/\/prizrenpost.com\/tr\/wp-content\/uploads\/2026\/03\/aksident-naten-1.jpg\" style=\"width:100%;height:auto;margin-bottom:20px\">Kaynak: gazetaeprizrenit<\/p>\n<hr style=\"margin:30px 0\">\n<p style=\"font-size:13px;color:#666\">Kaynak: <strong>prizrenpost<\/strong><\/p>\n","protected":false},"excerpt":{"rendered":"<p>Kaynak: gazetaeprizrenit Kaynak: prizrenpost<\/p>\n","protected":false},"author":1,"featured_media":35664,"comment_status":"open","ping_status":"open","sticky":false,"template":"","format":"standard","meta":{"footnotes":""},"categories":[22],"tags":[],"class_list":["post-35663","post","type-post","status-publish","format-standard","has-post-thumbnail","hentry","category-prizren"],"views":35,"_links":{"self":[{"href":"https:\/\/prizrenpost.com\/tr\/wp-json\/wp\/v2\/posts\/35663","targetHints":{"allow":["GET"]}}],"collection":[{"href":"https:\/\/prizrenpost.com\/tr\/wp-json\/wp\/v2\/posts"}],"about":[{"href":"https:\/\/prizrenpost.com\/tr\/wp-json\/wp\/v2\/types\/post"}],"author":[{"embeddable":true,"href":"https:\/\/prizrenpost.com\/tr\/wp-json\/wp\/v2\/users\/1"}],"replies":[{"embeddable":true,"href":"https:\/\/prizrenpost.com\/tr\/wp-json\/wp\/v2\/comments?post=35663"}],"version-history":[{"count":1,"href":"https:\/\/prizrenpost.com\/tr\/wp-json\/wp\/v2\/posts\/35663\/revisions"}],"predecessor-version":[{"id":35665,"href":"https:\/\/prizrenpost.com\/tr\/wp-json\/wp\/v2\/posts\/35663\/revisions\/35665"}],"wp:featuredmedia":[{"embeddable":true,"href":"https:\/\/prizrenpost.com\/tr\/wp-json\/wp\/v2\/media\/35664"}],"wp:attachment":[{"href":"https:\/\/prizrenpost.com\/tr\/wp-json\/wp\/v2\/media?parent=35663"}],"wp:term":[{"taxonomy":"category","embeddable":true,"href":"https:\/\/prizrenpost.com\/tr\/wp-json\/wp\/v2\/categories?post=35663"},{"taxonomy":"post_tag","embeddable":true,"href":"https:\/\/prizrenpost.com\/tr\/wp-json\/wp\/v2\/tags?post=35663"}],"curies":[{"name":"wp","href":"https:\/\/api.w.org\/{rel}","templated":true}]}}