{"id":35813,"date":"2026-03-19T14:05:06","date_gmt":"2026-03-19T13:05:06","guid":{"rendered":"https:\/\/prizrenpost.com\/tr\/prizrende-olumcul-kaza-yaklasik-29-yasindaki-motosikletci-hayatini-kaybetti\/"},"modified":"2026-03-19T14:05:07","modified_gmt":"2026-03-19T13:05:07","slug":"prizrende-olumcul-kaza-yaklasik-29-yasindaki-motosikletci-hayatini-kaybetti","status":"publish","type":"post","link":"https:\/\/prizrenpost.com\/tr\/prizrende-olumcul-kaza-yaklasik-29-yasindaki-motosikletci-hayatini-kaybetti\/","title":{"rendered":"Prizren&#8217;de \u00f6l\u00fcmc\u00fcl kaza: Yakla\u015f\u0131k 29 ya\u015f\u0131ndaki motosiklet\u00e7i hayat\u0131n\u0131 kaybetti"},"content":{"rendered":"<p><img decoding=\"async\" src=\"https:\/\/prizrenpost.com\/tr\/wp-content\/uploads\/2026\/03\/aksident-motor-1024x5381-1.jpg\" style=\"width:100%;height:auto;margin-bottom:20px\"><\/p>\n<p>Gazeta e Prizren&#8217;in haberine g\u00f6re, bug\u00fcn 19.03.2026 tarihinde saat 12:10 s\u0131ralar\u0131nda Prizren&#8217;in &#8220;Eski Transit&#8221; yolu \u00fczerinde motosiklet, kamyon ve otomobil aras\u0131nda trafik kazas\u0131 bildirildi.<\/p>\n<p>\u0130lk edinilen bilgilere g\u00f6re, motosiklet s\u00fcr\u00fcc\u00fcs\u00fcn\u00fcn h\u0131z\u0131n\u0131 yol ko\u015fullar\u0131na g\u00f6re ayarlamayarak \u00f6nce araca hafif\u00e7e \u00e7arpt\u0131ktan sonra arkadan \u00e7arp\u0131\u015ft\u0131\u011f\u0131ndan \u015f\u00fcpheleniliyor. <\/p>\n<p>Kaza sonucu yakla\u015f\u0131k 29 ya\u015f\u0131ndaki motosiklet s\u00fcr\u00fcc\u00fcs\u00fc E.A. hayat\u0131n\u0131 kaybetti. Olay yerine gelen sa\u011fl\u0131k ekipleri ma\u011fdurun hayat\u0131n\u0131 kaybetti\u011fini do\u011frulad\u0131.<\/p>\n<p>Polis hemen olay yerine giderek, olay yerinde g\u00fcvenlik ve inceleme yapmak da dahil olmak \u00fczere gerekli t\u00fcm tedbirleri ald\u0131. Devlet savc\u0131s\u0131 da olay yerine geldi.<\/p>\n<p>Savc\u0131n\u0131n talimat\u0131yla ma\u011fdurun cans\u0131z bedeni incelenmek \u00fczere Pri\u015ftine Adli T\u0131p Kurumu&#8217;na g\u00f6nderildi.<\/p>\n<p>Tecr\u00fcbeyi geli\u015ftirmek ve reklam g\u00f6r\u00fcnt\u00fclemek (Google AdSense) i\u00e7in \u00e7erezler kullan\u0131yoruz.<br \/>\n          &#8220;Kabul Et&#8221; se\u00e7ene\u011fine t\u0131klayarak \u00e7erezlerin a\u015fa\u011f\u0131daki \u015fartlara g\u00f6re kullan\u0131lmas\u0131n\u0131 kabul etmi\u015f olursunuz.<br \/>\n          Gizlilik Politikas\u0131<br \/>\n          ve<br \/>\n          \u00c7erez Politikas\u0131.<br \/>\n          &#8220;Reddet&#8221;i t\u0131klayarak gerekli olmayan \u00e7erezleri reddedebilirsiniz.<\/p>\n<hr style=\"margin:30px 0\">\n<p style=\"font-size:13px;color:#666\">Kaynak: <strong>prizrenpost<\/strong><\/p>\n","protected":false},"excerpt":{"rendered":"<p>Gazeta e Prizren&#8217;in haberine g\u00f6re, bug\u00fcn 19.03.2026 tarihinde saat 12:10 s\u0131ralar\u0131nda Prizren&#8217;in &#8220;Eski Transit&#8221; yolu \u00fczerinde motosiklet, kamyon ve otomobil aras\u0131nda trafik kazas\u0131 bildirildi. \u0130lk edinilen bilgilere g\u00f6re, motosiklet s\u00fcr\u00fcc\u00fcs\u00fcn\u00fcn h\u0131z\u0131n\u0131 yol ko\u015fullar\u0131na g\u00f6re ayarlamayarak \u00f6nce araca hafif\u00e7e \u00e7arpt\u0131ktan sonra arkadan \u00e7arp\u0131\u015ft\u0131\u011f\u0131ndan \u015f\u00fcpheleniliyor. Kaza sonucu yakla\u015f\u0131k 29 ya\u015f\u0131ndaki motosiklet s\u00fcr\u00fcc\u00fcs\u00fc E.A. hayat\u0131n\u0131 kaybetti. Olay yerine [&hellip;]<\/p>\n","protected":false},"author":1,"featured_media":35814,"comment_status":"open","ping_status":"open","sticky":false,"template":"","format":"standard","meta":{"footnotes":""},"categories":[22],"tags":[],"class_list":["post-35813","post","type-post","status-publish","format-standard","has-post-thumbnail","hentry","category-prizren"],"views":30,"_links":{"self":[{"href":"https:\/\/prizrenpost.com\/tr\/wp-json\/wp\/v2\/posts\/35813","targetHints":{"allow":["GET"]}}],"collection":[{"href":"https:\/\/prizrenpost.com\/tr\/wp-json\/wp\/v2\/posts"}],"about":[{"href":"https:\/\/prizrenpost.com\/tr\/wp-json\/wp\/v2\/types\/post"}],"author":[{"embeddable":true,"href":"https:\/\/prizrenpost.com\/tr\/wp-json\/wp\/v2\/users\/1"}],"replies":[{"embeddable":true,"href":"https:\/\/prizrenpost.com\/tr\/wp-json\/wp\/v2\/comments?post=35813"}],"version-history":[{"count":1,"href":"https:\/\/prizrenpost.com\/tr\/wp-json\/wp\/v2\/posts\/35813\/revisions"}],"predecessor-version":[{"id":35815,"href":"https:\/\/prizrenpost.com\/tr\/wp-json\/wp\/v2\/posts\/35813\/revisions\/35815"}],"wp:featuredmedia":[{"embeddable":true,"href":"https:\/\/prizrenpost.com\/tr\/wp-json\/wp\/v2\/media\/35814"}],"wp:attachment":[{"href":"https:\/\/prizrenpost.com\/tr\/wp-json\/wp\/v2\/media?parent=35813"}],"wp:term":[{"taxonomy":"category","embeddable":true,"href":"https:\/\/prizrenpost.com\/tr\/wp-json\/wp\/v2\/categories?post=35813"},{"taxonomy":"post_tag","embeddable":true,"href":"https:\/\/prizrenpost.com\/tr\/wp-json\/wp\/v2\/tags?post=35813"}],"curies":[{"name":"wp","href":"https:\/\/api.w.org\/{rel}","templated":true}]}}