{"id":36407,"date":"2026-03-22T20:40:08","date_gmt":"2026-03-22T19:40:08","guid":{"rendered":"https:\/\/prizrenpost.com\/tr\/olumcul-kaza-prizren-yakove-karayolu-uzerindeki-piranda-bir-kisi-oldu\/"},"modified":"2026-03-22T20:40:09","modified_gmt":"2026-03-22T19:40:09","slug":"olumcul-kaza-prizren-yakove-karayolu-uzerindeki-piranda-bir-kisi-oldu","status":"publish","type":"post","link":"https:\/\/prizrenpost.com\/tr\/olumcul-kaza-prizren-yakove-karayolu-uzerindeki-piranda-bir-kisi-oldu\/","title":{"rendered":"\u00d6l\u00fcmc\u00fcl kaza: Prizren-Yakov\u00eb karayolu \u00fczerindeki Piran&#8217;da bir ki\u015fi \u00f6ld\u00fc"},"content":{"rendered":"<p><img decoding=\"async\" src=\"https:\/\/prizrenpost.com\/tr\/wp-content\/uploads\/2026\/03\/Aksident-naten-Landovice.jpg\" style=\"width:100%;height:auto;margin-bottom:20px\"><\/p>\n<p>22.03.2026 tarihinde saat 18:30 s\u0131ralar\u0131nda Prizren-Gjakov\u00eb karayolu \u00fczerinde Piran\u00eb k\u00f6y\u00fc, Prizren, Gazeta e Prizren&#8217;de trafik kazas\u0131 bildirildi.<\/p>\n<p>\u0130lk edinilen bilgiye g\u00f6re, yolun kar\u015f\u0131s\u0131na ge\u00e7meye \u00e7al\u0131\u015fan bir yayaya araba \u00e7arpt\u0131. Acil sa\u011fl\u0131k ekiplerinin yapt\u0131\u011f\u0131 incelemede, a\u011f\u0131r yaralanan 81 ya\u015f\u0131ndaki yaya D.H.&#8217;nin olay yerinde hayat\u0131n\u0131 kaybetti\u011fi belirlendi.<\/p>\n<p>Polis ekipleri hemen olay yerine giderek gerekli incelemelerde bulundu. \u015e\u00fcpheli tutukland\u0131 ve savc\u0131n\u0131n karar\u0131yla ileri i\u015flemler i\u00e7in g\u00f6zalt\u0131na al\u0131nd\u0131.<\/p>\n<p>Savc\u0131n\u0131n talimat\u0131yla ma\u011fdurun cans\u0131z bedeni otopsi yap\u0131lmak \u00fczere Pri\u015ftine Adli T\u0131p Kurumu&#8217;na g\u00f6nderildi.<\/p>\n<p>Polis, kazan\u0131n ko\u015fullar\u0131n\u0131 tam olarak a\u00e7\u0131kl\u0131\u011fa kavu\u015fturmak i\u00e7in soru\u015fturmay\u0131 s\u00fcrd\u00fcr\u00fcyor.<\/p>\n<p>Deneyimi iyile\u015ftirmek ve reklam g\u00f6r\u00fcnt\u00fclemek i\u00e7in \u00e7erezler kullan\u0131yoruz (Google AdSense).<br \/>\n          &#8220;Kabul Et&#8221; se\u00e7ene\u011fine t\u0131klayarak \u00e7erezlerin a\u015fa\u011f\u0131daki \u015fartlara g\u00f6re kullan\u0131lmas\u0131n\u0131 kabul etmi\u015f olursunuz.<br \/>\n          Gizlilik Politikas\u0131<br \/>\n          ve<br \/>\n          \u00c7erez Politikas\u0131.<br \/>\n          &#8220;Reddet&#8221;i t\u0131klayarak gerekli olmayan \u00e7erezleri reddedebilirsiniz.<\/p>\n<hr style=\"margin:30px 0\">\n<p style=\"font-size:13px;color:#666\">Kaynak: <strong>prizrenpost<\/strong><\/p>\n","protected":false},"excerpt":{"rendered":"<p>22.03.2026 tarihinde saat 18:30 s\u0131ralar\u0131nda Prizren-Gjakov\u00eb karayolu \u00fczerinde Piran\u00eb k\u00f6y\u00fc, Prizren, Gazeta e Prizren&#8217;de trafik kazas\u0131 bildirildi. \u0130lk edinilen bilgiye g\u00f6re, yolun kar\u015f\u0131s\u0131na ge\u00e7meye \u00e7al\u0131\u015fan bir yayaya araba \u00e7arpt\u0131. Acil sa\u011fl\u0131k ekiplerinin yapt\u0131\u011f\u0131 incelemede, a\u011f\u0131r yaralanan 81 ya\u015f\u0131ndaki yaya D.H.&#8217;nin olay yerinde hayat\u0131n\u0131 kaybetti\u011fi belirlendi. Polis ekipleri hemen olay yerine giderek gerekli incelemelerde bulundu. \u015e\u00fcpheli [&hellip;]<\/p>\n","protected":false},"author":1,"featured_media":36408,"comment_status":"open","ping_status":"open","sticky":false,"template":"","format":"standard","meta":{"footnotes":""},"categories":[22],"tags":[],"class_list":["post-36407","post","type-post","status-publish","format-standard","has-post-thumbnail","hentry","category-prizren"],"views":41,"_links":{"self":[{"href":"https:\/\/prizrenpost.com\/tr\/wp-json\/wp\/v2\/posts\/36407","targetHints":{"allow":["GET"]}}],"collection":[{"href":"https:\/\/prizrenpost.com\/tr\/wp-json\/wp\/v2\/posts"}],"about":[{"href":"https:\/\/prizrenpost.com\/tr\/wp-json\/wp\/v2\/types\/post"}],"author":[{"embeddable":true,"href":"https:\/\/prizrenpost.com\/tr\/wp-json\/wp\/v2\/users\/1"}],"replies":[{"embeddable":true,"href":"https:\/\/prizrenpost.com\/tr\/wp-json\/wp\/v2\/comments?post=36407"}],"version-history":[{"count":1,"href":"https:\/\/prizrenpost.com\/tr\/wp-json\/wp\/v2\/posts\/36407\/revisions"}],"predecessor-version":[{"id":36409,"href":"https:\/\/prizrenpost.com\/tr\/wp-json\/wp\/v2\/posts\/36407\/revisions\/36409"}],"wp:featuredmedia":[{"embeddable":true,"href":"https:\/\/prizrenpost.com\/tr\/wp-json\/wp\/v2\/media\/36408"}],"wp:attachment":[{"href":"https:\/\/prizrenpost.com\/tr\/wp-json\/wp\/v2\/media?parent=36407"}],"wp:term":[{"taxonomy":"category","embeddable":true,"href":"https:\/\/prizrenpost.com\/tr\/wp-json\/wp\/v2\/categories?post=36407"},{"taxonomy":"post_tag","embeddable":true,"href":"https:\/\/prizrenpost.com\/tr\/wp-json\/wp\/v2\/tags?post=36407"}],"curies":[{"name":"wp","href":"https:\/\/api.w.org\/{rel}","templated":true}]}}