{"id":37099,"date":"2026-03-25T10:45:08","date_gmt":"2026-03-25T09:45:08","guid":{"rendered":"https:\/\/prizrenpost.com\/tr\/prizren-iki-kisi-hakkinda-iddianame-belediyeye-18-bin-avro-zarar-verdiler\/"},"modified":"2026-03-25T10:45:08","modified_gmt":"2026-03-25T09:45:08","slug":"prizren-iki-kisi-hakkinda-iddianame-belediyeye-18-bin-avro-zarar-verdiler","status":"publish","type":"post","link":"https:\/\/prizrenpost.com\/tr\/prizren-iki-kisi-hakkinda-iddianame-belediyeye-18-bin-avro-zarar-verdiler\/","title":{"rendered":"Prizren: \u0130ki ki\u015fi hakk\u0131nda iddianame: Belediyeye 18 bin avro zarar verdiler"},"content":{"rendered":"<p><img decoding=\"async\" src=\"https:\/\/prizrenpost.com\/tr\/wp-content\/uploads\/2026\/03\/Prokuroria-PZ-1-1.jpg\" style=\"width:100%;height:auto;margin-bottom:20px\"><\/p>\n<p>Prizren Ba\u015fsavc\u0131l\u0131\u011f\u0131, B.J. hakk\u0131nda &#8220;Resmi g\u00f6revi k\u00f6t\u00fcye kullanma&#8221; su\u00e7unu i\u015fledi\u011fi y\u00f6n\u00fcndeki hakl\u0131 \u015f\u00fcphe nedeniyle ve J.B. hakk\u0131nda ise &#8220;M.B.G.&#8221; ekonomik operat\u00f6rlerinin yetkili temsilcisi olarak iddianame haz\u0131rlad\u0131. Sh.P.K ve &#8220;A.P.&#8221; Sh.P.K., &#8220;Kamu al\u0131mlar\u0131nda suistimal ve doland\u0131r\u0131c\u0131l\u0131k&#8221; su\u00e7unu i\u015fledikleri y\u00f6n\u00fcndeki hakl\u0131 \u015f\u00fcphe nedeniyle.<\/p>\n<p>\u0130ddianameye g\u00f6re, san\u0131k B.J., &#8220;Vlashnje k\u00f6y\u00fcnde altyap\u0131 in\u015faat\u0131, yollar ve kamu ayd\u0131nlatmas\u0131&#8221; projesinin resmi ki\u015fisi ve denetim organ\u0131 s\u0131fat\u0131yla, A\u011fustos 2022&#8217;den 16 A\u011fustos 2024&#8217;e kadar olan d\u00f6nemde bu g\u00f6revi ve yetkilisini kullanarak, \u0130ddianameye g\u00f6re sahadaki durum farkl\u0131 olsa da, makam\u0131n kas\u0131tl\u0131 olarak yetkilerini a\u015farak Kamu \u0130hale Kanunu&#8217;na ayk\u0131r\u0131 hareket etti\u011fi, uydurma rapor ve durumlar haz\u0131rlad\u0131\u011f\u0131, i\u015flerin s\u00f6zle\u015fmeye uygun y\u00fcr\u00fct\u00fcld\u00fc\u011f\u00fcn\u00fcn sunuldu\u011fu iddia ediliyor.<\/p>\n<p>Dolay\u0131s\u0131yla savc\u0131l\u0131k, bu eylemler sonucunda &#8220;M.B.G.&#8221; Sh.P.K ve &#8220;A.P.&#8221; \u0130mzalanan s\u00f6zle\u015fmeye g\u00f6re \u00e7al\u0131\u015fmalar tamamlanmamas\u0131na ra\u011fmen Sh.P.K.<\/p>\n<p>Bu eylemler nedeniyle Prizren Belediyesi&#8217;ne 18.765,00 Euro tutar\u0131nda maddi zarar verilirken, ekonomik i\u015fletmecilere de ayn\u0131 miktarda ka\u00e7ak m\u00fclkiyet hakk\u0131 tan\u0131nm\u0131\u015ft\u0131r.<\/p>\n<p>San\u0131k J.B. ise ekonomik i\u015fletmeci &#8220;M.B.G.&#8221; Sh.P.K ve &#8220;A.P.&#8221; Sh.P.K., san\u0131k B.J. ile i\u015fbirli\u011fi yaparak, kamu ihale h\u00fck\u00fcm ve usullerini ihlal ederek maddi kazan\u00e7 elde etme amac\u0131yla hareket etmi\u015f ve s\u00f6zle\u015fmeden do\u011fan y\u00fck\u00fcml\u00fcl\u00fckleri yerine getirmemi\u015ftir.<\/p>\n<p>&#8220;Davan\u0131n savc\u0131s\u0131, iddianamede, adli incelemenin yap\u0131lmas\u0131, delillerin idaresi ve de\u011ferlendirilmesi sonras\u0131nda, yukar\u0131da ad\u0131 ge\u00e7en san\u0131klar\u0131n, san\u0131k olduklar\u0131 su\u00e7lardan dolay\u0131 su\u00e7lu bulunarak cezaland\u0131r\u0131lmalar\u0131n\u0131 mahkemeye teklif etmi\u015ftir. kanun&#8221;. \/ Gazeta e Prizren<\/p>\n<p>Tecr\u00fcbeyi geli\u015ftirmek ve reklamlar\u0131 g\u00f6r\u00fcnt\u00fclemek i\u00e7in \u00e7erezleri kullan\u0131yoruz (Google AdSense).<br \/>\n          &#8220;Kabul Et&#8221; se\u00e7ene\u011fine t\u0131klayarak \u00e7erezlerin a\u015fa\u011f\u0131daki \u015fartlara g\u00f6re kullan\u0131lmas\u0131n\u0131 kabul etmi\u015f olursunuz.<br \/>\n          Gizlilik Politikas\u0131<br \/>\n          ve<br \/>\n          \u00c7erez Politikas\u0131.<br \/>\n          &#8220;Reddet&#8221;i t\u0131klayarak gerekli olmayan \u00e7erezleri reddedebilirsiniz.<\/p>\n<hr style=\"margin:30px 0\">\n<p style=\"font-size:13px;color:#666\">Kaynak: <strong>prizrenpost<\/strong><\/p>\n","protected":false},"excerpt":{"rendered":"<p>Prizren Ba\u015fsavc\u0131l\u0131\u011f\u0131, B.J. hakk\u0131nda &#8220;Resmi g\u00f6revi k\u00f6t\u00fcye kullanma&#8221; su\u00e7unu i\u015fledi\u011fi y\u00f6n\u00fcndeki hakl\u0131 \u015f\u00fcphe nedeniyle ve J.B. hakk\u0131nda ise &#8220;M.B.G.&#8221; ekonomik operat\u00f6rlerinin yetkili temsilcisi olarak iddianame haz\u0131rlad\u0131. Sh.P.K ve &#8220;A.P.&#8221; Sh.P.K., &#8220;Kamu al\u0131mlar\u0131nda suistimal ve doland\u0131r\u0131c\u0131l\u0131k&#8221; su\u00e7unu i\u015fledikleri y\u00f6n\u00fcndeki hakl\u0131 \u015f\u00fcphe nedeniyle. \u0130ddianameye g\u00f6re, san\u0131k B.J., &#8220;Vlashnje k\u00f6y\u00fcnde altyap\u0131 in\u015faat\u0131, yollar ve kamu ayd\u0131nlatmas\u0131&#8221; projesinin resmi [&hellip;]<\/p>\n","protected":false},"author":1,"featured_media":37100,"comment_status":"open","ping_status":"open","sticky":false,"template":"","format":"standard","meta":{"footnotes":""},"categories":[22],"tags":[],"class_list":["post-37099","post","type-post","status-publish","format-standard","has-post-thumbnail","hentry","category-prizren"],"views":36,"_links":{"self":[{"href":"https:\/\/prizrenpost.com\/tr\/wp-json\/wp\/v2\/posts\/37099","targetHints":{"allow":["GET"]}}],"collection":[{"href":"https:\/\/prizrenpost.com\/tr\/wp-json\/wp\/v2\/posts"}],"about":[{"href":"https:\/\/prizrenpost.com\/tr\/wp-json\/wp\/v2\/types\/post"}],"author":[{"embeddable":true,"href":"https:\/\/prizrenpost.com\/tr\/wp-json\/wp\/v2\/users\/1"}],"replies":[{"embeddable":true,"href":"https:\/\/prizrenpost.com\/tr\/wp-json\/wp\/v2\/comments?post=37099"}],"version-history":[{"count":1,"href":"https:\/\/prizrenpost.com\/tr\/wp-json\/wp\/v2\/posts\/37099\/revisions"}],"predecessor-version":[{"id":37101,"href":"https:\/\/prizrenpost.com\/tr\/wp-json\/wp\/v2\/posts\/37099\/revisions\/37101"}],"wp:featuredmedia":[{"embeddable":true,"href":"https:\/\/prizrenpost.com\/tr\/wp-json\/wp\/v2\/media\/37100"}],"wp:attachment":[{"href":"https:\/\/prizrenpost.com\/tr\/wp-json\/wp\/v2\/media?parent=37099"}],"wp:term":[{"taxonomy":"category","embeddable":true,"href":"https:\/\/prizrenpost.com\/tr\/wp-json\/wp\/v2\/categories?post=37099"},{"taxonomy":"post_tag","embeddable":true,"href":"https:\/\/prizrenpost.com\/tr\/wp-json\/wp\/v2\/tags?post=37099"}],"curies":[{"name":"wp","href":"https:\/\/api.w.org\/{rel}","templated":true}]}}