{"id":37958,"date":"2026-03-29T20:25:10","date_gmt":"2026-03-29T18:25:10","guid":{"rendered":"https:\/\/prizrenpost.com\/tr\/cumhurbaskani-osmani-hasta-kaldi-lukijadaki-teqe-halvetijeyi-ziyaret-etti\/"},"modified":"2026-03-29T20:25:17","modified_gmt":"2026-03-29T18:25:17","slug":"cumhurbaskani-osmani-hasta-kaldi-lukijadaki-teqe-halvetijeyi-ziyaret-etti","status":"publish","type":"post","link":"https:\/\/prizrenpost.com\/tr\/cumhurbaskani-osmani-hasta-kaldi-lukijadaki-teqe-halvetijeyi-ziyaret-etti\/","title":{"rendered":"Cumhurba\u015fkan\u0131 Osmani Has&#8217;ta kald\u0131, Lukija&#8217;daki Teq\u00eb Halvetije&#8217;yi ziyaret etti"},"content":{"rendered":"<p><img decoding=\"async\" src=\"https:\/\/prizrenpost.com\/tr\/wp-content\/uploads\/2026\/03\/osmani-ne-Has-te-shehu-Lukije.jpg\" style=\"width:100%;height:auto;margin-bottom:20px\">Kaynak: gazetaeprizrenit<\/p>\n<hr style=\"margin:30px 0\">\n<p style=\"font-size:13px;color:#666\">Kaynak: <strong>prizrenpost<\/strong><\/p>\n","protected":false},"excerpt":{"rendered":"<p>Kaynak: gazetaeprizrenit Kaynak: prizrenpost<\/p>\n","protected":false},"author":1,"featured_media":37959,"comment_status":"open","ping_status":"open","sticky":false,"template":"","format":"standard","meta":{"footnotes":""},"categories":[22],"tags":[],"class_list":["post-37958","post","type-post","status-publish","format-standard","has-post-thumbnail","hentry","category-prizren"],"views":22,"_links":{"self":[{"href":"https:\/\/prizrenpost.com\/tr\/wp-json\/wp\/v2\/posts\/37958","targetHints":{"allow":["GET"]}}],"collection":[{"href":"https:\/\/prizrenpost.com\/tr\/wp-json\/wp\/v2\/posts"}],"about":[{"href":"https:\/\/prizrenpost.com\/tr\/wp-json\/wp\/v2\/types\/post"}],"author":[{"embeddable":true,"href":"https:\/\/prizrenpost.com\/tr\/wp-json\/wp\/v2\/users\/1"}],"replies":[{"embeddable":true,"href":"https:\/\/prizrenpost.com\/tr\/wp-json\/wp\/v2\/comments?post=37958"}],"version-history":[{"count":1,"href":"https:\/\/prizrenpost.com\/tr\/wp-json\/wp\/v2\/posts\/37958\/revisions"}],"predecessor-version":[{"id":37960,"href":"https:\/\/prizrenpost.com\/tr\/wp-json\/wp\/v2\/posts\/37958\/revisions\/37960"}],"wp:featuredmedia":[{"embeddable":true,"href":"https:\/\/prizrenpost.com\/tr\/wp-json\/wp\/v2\/media\/37959"}],"wp:attachment":[{"href":"https:\/\/prizrenpost.com\/tr\/wp-json\/wp\/v2\/media?parent=37958"}],"wp:term":[{"taxonomy":"category","embeddable":true,"href":"https:\/\/prizrenpost.com\/tr\/wp-json\/wp\/v2\/categories?post=37958"},{"taxonomy":"post_tag","embeddable":true,"href":"https:\/\/prizrenpost.com\/tr\/wp-json\/wp\/v2\/tags?post=37958"}],"curies":[{"name":"wp","href":"https:\/\/api.w.org\/{rel}","templated":true}]}}